{"id":972,"date":"2016-03-04T00:15:17","date_gmt":"2016-03-03T23:15:17","guid":{"rendered":"http:\/\/psychose-seminar-elmshorn.de\/?p=972"},"modified":"2016-03-13T17:01:57","modified_gmt":"2016-03-13T16:01:57","slug":"96-psychose-seminar-09-03-2016","status":"publish","type":"post","link":"https:\/\/psychose-seminar-elmshorn.de\/?p=972","title":{"rendered":"96. Psychose-Seminar | 09.03.2016"},"content":{"rendered":"<p><a href=\"https:\/\/psychose-seminar-elmshorn.de\/wp-content\/uploads\/2016\/03\/Einladung-96.-PSE-09.-M\u00e4rz-2016.pdf\" target=\"_blank\"><img loading=\"lazy\" decoding=\"async\" class=\"wp-image-974 size-full aligncenter\" src=\"https:\/\/psychose-seminar-elmshorn.de\/wp-content\/uploads\/2016\/03\/Einladung-96.-PSE-09.-M\u00e4rz-2016-Symbolbild.png\" alt=\"\" width=\"170\" height=\"240\" \/><\/a><\/p>\n<p><span style=\"text-decoration: underline; color: #000000;\"><strong>Einladung<\/strong><\/span><\/p>\n<p style=\"text-align: center;\"><span style=\"color: #0000ff;\"><strong>Mittwoch, 09.03.2016, 18.00 &#8211; 20.00 Uhr,<\/strong><\/span><br \/>\n<span style=\"color: #0000ff;\"><strong>Flora-Gesundheitszentrum, Schulstra\u00dfe 46 &#8211; 50, in Elmshorn<\/strong><\/span><\/p>\n<p><span style=\"text-decoration: underline;\"><strong>Thema<\/strong><\/span><\/p>\n<p style=\"text-align: center;\"><span style=\"color: #008000;\"><strong>Paranoia<\/strong><\/span><\/p>\n<p style=\"text-align: center;\"><span style=\"color: #008000;\">\u2026 zwischen Verfolgungs\u00e4ngsten und (gesunder) Vorsicht. Was vor 5 Jahren noch als Verschw\u00f6rungstheorie und damit als Teil einer psychiatrischen Diagnose galt, ist heute Realit\u00e4t. Was macht diese Erfahrung mit uns? Und wie k\u00f6nnen wir damit umgehen?<\/span><\/p>\n<p>Das Psychose-Seminar Elmshorn findet an jedem zweiten Mittwoch im Monat im Info-Treff des Flora-Gesundheitszentrums in der Schulstra\u00dfe 46-50, Elmshorn statt (Eingang Arztpraxis, mit dem Aufzug ins Staffelgeschoss &#8222;S&#8220; fahren) statt.<\/p>\n<p><a href=\"https:\/\/psychose-seminar-elmshorn.de\/wp-content\/uploads\/2016\/03\/Einladung-96.-PSE-09.-M\u00e4rz-2016.pdf\" target=\"_blank\">-&gt; Einladung zum Download!<\/a><\/p>\n<p><em>Das Psychose-Seminar Elmshorn wird\u00a0<span style=\"text-decoration: underline;\">unterst\u00fctzt<\/span>\u00a0von<\/em><\/p>\n<p><a href=\"http:\/\/www.bruecke-sh.de\" target=\"_blank\"><img loading=\"lazy\" decoding=\"async\" class=\"alignnone size-full wp-image-464\" style=\"border: 0px;\" src=\"https:\/\/psychose-seminar-elmshorn.de\/wp-content\/uploads\/2014\/03\/Logo-der-Br\u00fccke-SH-WEB.png\" alt=\"Logo der Br\u00fccke SH\" width=\"155\" height=\"120\" \/><\/a><\/p>\n<p><em><span style=\"text-decoration: underline;\">Kooperationspartner<\/span>\u00a0ist das<\/em><\/p>\n<p><a href=\"http:\/\/www.flora-elmshorn.de\" target=\"_blank\"><img loading=\"lazy\" decoding=\"async\" class=\"alignnone size-full wp-image-464\" style=\"border: 0px;\" src=\"https:\/\/psychose-seminar-elmshorn.de\/wp-content\/uploads\/2014\/04\/Logo-des-Flora-GesundheitsZENTRUMs-WEB.png\" alt=\"Logo des Flora-Gesundheitszentrums, Elmshorn\" width=\"170\" height=\"120\" \/><\/a><\/p>\n<p style=\"padding-left: 30px;\">\n","protected":false},"excerpt":{"rendered":"<p>Einladung Mittwoch, 09.03.2016, 18.00 &#8211; 20.00 Uhr, Flora-Gesundheitszentrum, Schulstra\u00dfe 46 &#8211; 50, in Elmshorn Thema Paranoia \u2026 zwischen Verfolgungs\u00e4ngsten und (gesunder) Vorsicht. Was vor 5 Jahren noch als Verschw\u00f6rungstheorie und damit als Teil einer psychiatrischen Diagnose galt, ist heute Realit\u00e4t. &hellip; <a href=\"https:\/\/psychose-seminar-elmshorn.de\/?p=972\">Weiterlesen <span class=\"meta-nav\">&rarr;<\/span><\/a><\/p>\n","protected":false},"author":1,"featured_media":0,"comment_status":"closed","ping_status":"closed","sticky":false,"template":"","format":"standard","meta":{"footnotes":""},"categories":[5,18,9],"tags":[],"class_list":["post-972","post","type-post","status-publish","format-standard","hentry","category-psychose-seminar","category-trialog","category-veranstaltungshinweis"],"_links":{"self":[{"href":"https:\/\/psychose-seminar-elmshorn.de\/index.php?rest_route=\/wp\/v2\/posts\/972","targetHints":{"allow":["GET"]}}],"collection":[{"href":"https:\/\/psychose-seminar-elmshorn.de\/index.php?rest_route=\/wp\/v2\/posts"}],"about":[{"href":"https:\/\/psychose-seminar-elmshorn.de\/index.php?rest_route=\/wp\/v2\/types\/post"}],"author":[{"embeddable":true,"href":"https:\/\/psychose-seminar-elmshorn.de\/index.php?rest_route=\/wp\/v2\/users\/1"}],"replies":[{"embeddable":true,"href":"https:\/\/psychose-seminar-elmshorn.de\/index.php?rest_route=%2Fwp%2Fv2%2Fcomments&post=972"}],"version-history":[{"count":3,"href":"https:\/\/psychose-seminar-elmshorn.de\/index.php?rest_route=\/wp\/v2\/posts\/972\/revisions"}],"predecessor-version":[{"id":977,"href":"https:\/\/psychose-seminar-elmshorn.de\/index.php?rest_route=\/wp\/v2\/posts\/972\/revisions\/977"}],"wp:attachment":[{"href":"https:\/\/psychose-seminar-elmshorn.de\/index.php?rest_route=%2Fwp%2Fv2%2Fmedia&parent=972"}],"wp:term":[{"taxonomy":"category","embeddable":true,"href":"https:\/\/psychose-seminar-elmshorn.de\/index.php?rest_route=%2Fwp%2Fv2%2Fcategories&post=972"},{"taxonomy":"post_tag","embeddable":true,"href":"https:\/\/psychose-seminar-elmshorn.de\/index.php?rest_route=%2Fwp%2Fv2%2Ftags&post=972"}],"curies":[{"name":"wp","href":"https:\/\/api.w.org\/{rel}","templated":true}]}}