{"id":945,"date":"2016-01-07T00:10:25","date_gmt":"2016-01-06T23:10:25","guid":{"rendered":"http:\/\/psychose-seminar-elmshorn.de\/?p=945"},"modified":"2016-01-07T00:11:26","modified_gmt":"2016-01-06T23:11:26","slug":"gesundheitsmontag-erbrecht-und-testament-18-01-2016","status":"publish","type":"post","link":"https:\/\/psychose-seminar-elmshorn.de\/?p=945","title":{"rendered":"Gesundheitsmontag \u201eErbrecht und Testament\u201c | 18.01.2016"},"content":{"rendered":"<p><a href=\"https:\/\/psychose-seminar-elmshorn.de\/wp-content\/uploads\/2016\/01\/Gesundheitsmontag-18.01.16-Erbrecht-Plakat.pdf\" target=\"_blank\"><img loading=\"lazy\" decoding=\"async\" class=\"wp-image-954 size-full aligncenter\" src=\"https:\/\/psychose-seminar-elmshorn.de\/wp-content\/uploads\/2016\/01\/Gesundheitsmontag-18.01.16-Erbrecht-Plakat-Symbolbild.png\" alt=\"\" width=\"170\" height=\"240\" \/><\/a><\/p>\n<p>Im Rahmen der Veranstaltungsreihe \u201eGesundheitsmontag\u201c, die das Flora-Gesundheits-Zentrum regelm\u00e4\u00dfig f\u00fcr interessierte B\u00fcrgerinnen und B\u00fcrger\u00a0organisiert, findet<\/p>\n<p style=\"padding-left: 30px;\"><span style=\"color: #0000ff;\"><strong>am Montag, 18.01.16,<\/strong><\/span><br \/>\n<span style=\"color: #0000ff;\"><strong>um 18.30 Uhr<\/strong><\/span><br \/>\n<span style=\"color: #0000ff;\"><strong>im Info-Treff, des Flora-Gesundheitszentrums\u00a0<\/strong>(Schulstra\u00dfe 46-50, Elmshorn; genau dort, wo auch das Psychose-Seminar Elmshorn regelm\u00e4\u00dfig stattfindet)<\/span><\/p>\n<p>ein Seminar zum Thema \u201eErbrecht\u201c statt.<\/p>\n<p style=\"text-align: center;\"><em><span style=\"color: #008000;\"><strong>Erbrecht und Testament<br \/>\n<\/strong>Wichtige Informationen zur Regelung der Verm\u00f6gensnachfolge<br \/>\n<\/span><\/em><\/p>\n<p><em><span style=\"color: #008000;\"><span style=\"color: #008000;\">&#8222;\u00dcber das gesetzliche Erbrecht bestehen viele falsche Vorstellungen. So kann es neben der Trauer \u00fcber den Verlust eines Familienmitglieds, zus\u00e4tzlich zu Unstimmigkeiten unter den Nachkommen und Erben kommen, wenn die gesetzliche Erbfolge zu unliebsamen \u00dcberraschungen f\u00fchrt. Dieser Vortrag bietet einen ersten \u00dcberblick \u00fcber das komplexe Thema. Es referiert\u00a0Rechtsanwalt und Notar Klaus Zinger, Soziet\u00e4t D\u00fcwel und Zinger, Berliner Str. 3, 25335 Elmshorn.<\/span>&#8222;<\/span><\/em><\/p>\n<div class=\"page\" title=\"Page 2\">\n<div class=\"section\">\n<div class=\"layoutArea\">\n<div class=\"column\">\n<p>Interesse? Dann melden Sie sich\u00a0<strong>unbedingt<\/strong>\u00a0telefonisch unter 04121-4262-0 (oder direkt bei Frau Kr\u00f6ning unter 04121-4262-19) an. Die Teilnahme ist kostenlos!<\/p>\n<\/div>\n<\/div>\n<\/div>\n<\/div>\n<p>Einen Infoflyer gibt es\u00a0<a href=\"https:\/\/psychose-seminar-elmshorn.de\/wp-content\/uploads\/2016\/01\/Infoflyer-Flora-Elmshorn-Gesundheitsmontage-2016-01.pdf\" target=\"_blank\">-&gt; hier<\/a>. F\u00fcr einen Aushang eignet sich das\u00a0<a href=\"https:\/\/psychose-seminar-elmshorn.de\/wp-content\/uploads\/2016\/01\/Gesundheitsmontag-18.01.16-Erbrecht-Plakat.pdf\" target=\"_blank\">-&gt; Plakat<\/a>\u00a0besser. Noch mehr Infos finden Sie auf der Webseite\u00a0<a href=\"http:\/\/www.flora-elmshorn.de\" target=\"_blank\">\u2013&gt; www.flora-elmshorn.de<\/a>.<\/p>\n<p><a href=\"https:\/\/psychose-seminar-elmshorn.de\/wp-content\/uploads\/2016\/01\/Infoflyer-Flora-Elmshorn-Gesundheitsmontage-2016-01.pdf\" target=\"_blank\"><img loading=\"lazy\" decoding=\"async\" class=\"wp-image-956 size-full aligncenter\" src=\"https:\/\/psychose-seminar-elmshorn.de\/wp-content\/uploads\/2016\/01\/Infoflyer-Flora-Elmshorn-Gesundheitsmontage-2016-01-Symbolbild.png\" alt=\"\" width=\"113\" height=\"240\" \/><\/a><\/p>\n","protected":false},"excerpt":{"rendered":"<p>Im Rahmen der Veranstaltungsreihe \u201eGesundheitsmontag\u201c, die das Flora-Gesundheits-Zentrum regelm\u00e4\u00dfig f\u00fcr interessierte B\u00fcrgerinnen und B\u00fcrger\u00a0organisiert, findet am Montag, 18.01.16, um 18.30 Uhr im Info-Treff, des Flora-Gesundheitszentrums\u00a0(Schulstra\u00dfe 46-50, Elmshorn; genau dort, wo auch das Psychose-Seminar Elmshorn regelm\u00e4\u00dfig stattfindet) ein Seminar zum Thema &hellip; <a href=\"https:\/\/psychose-seminar-elmshorn.de\/?p=945\">Weiterlesen <span class=\"meta-nav\">&rarr;<\/span><\/a><\/p>\n","protected":false},"author":1,"featured_media":0,"comment_status":"closed","ping_status":"closed","sticky":false,"template":"","format":"standard","meta":{"footnotes":""},"categories":[10,16,29,13,9],"tags":[],"class_list":["post-945","post","type-post","status-publish","format-standard","hentry","category-extern","category-fachveranstaltung","category-flora-gesundheitszentrum","category-information","category-veranstaltungshinweis"],"_links":{"self":[{"href":"https:\/\/psychose-seminar-elmshorn.de\/index.php?rest_route=\/wp\/v2\/posts\/945","targetHints":{"allow":["GET"]}}],"collection":[{"href":"https:\/\/psychose-seminar-elmshorn.de\/index.php?rest_route=\/wp\/v2\/posts"}],"about":[{"href":"https:\/\/psychose-seminar-elmshorn.de\/index.php?rest_route=\/wp\/v2\/types\/post"}],"author":[{"embeddable":true,"href":"https:\/\/psychose-seminar-elmshorn.de\/index.php?rest_route=\/wp\/v2\/users\/1"}],"replies":[{"embeddable":true,"href":"https:\/\/psychose-seminar-elmshorn.de\/index.php?rest_route=%2Fwp%2Fv2%2Fcomments&post=945"}],"version-history":[{"count":3,"href":"https:\/\/psychose-seminar-elmshorn.de\/index.php?rest_route=\/wp\/v2\/posts\/945\/revisions"}],"predecessor-version":[{"id":959,"href":"https:\/\/psychose-seminar-elmshorn.de\/index.php?rest_route=\/wp\/v2\/posts\/945\/revisions\/959"}],"wp:attachment":[{"href":"https:\/\/psychose-seminar-elmshorn.de\/index.php?rest_route=%2Fwp%2Fv2%2Fmedia&parent=945"}],"wp:term":[{"taxonomy":"category","embeddable":true,"href":"https:\/\/psychose-seminar-elmshorn.de\/index.php?rest_route=%2Fwp%2Fv2%2Fcategories&post=945"},{"taxonomy":"post_tag","embeddable":true,"href":"https:\/\/psychose-seminar-elmshorn.de\/index.php?rest_route=%2Fwp%2Fv2%2Ftags&post=945"}],"curies":[{"name":"wp","href":"https:\/\/api.w.org\/{rel}","templated":true}]}}