{"id":928,"date":"2015-11-06T17:27:09","date_gmt":"2015-11-06T16:27:09","guid":{"rendered":"http:\/\/psychose-seminar-elmshorn.de\/?p=928"},"modified":"2015-11-06T17:27:09","modified_gmt":"2015-11-06T16:27:09","slug":"gesundheitsmontag-das-burnout-syndrom-16-11-2015","status":"publish","type":"post","link":"https:\/\/psychose-seminar-elmshorn.de\/?p=928","title":{"rendered":"Gesundheitsmontag \u201eDas Burnout-Syndrom\u201c | 16.11.2015"},"content":{"rendered":"<p><a href=\"https:\/\/psychose-seminar-elmshorn.de\/wp-content\/uploads\/2015\/11\/Gesundheitsmontag-16.11.15-Das-Burnout-Syndrom-Plakat.pdf\" target=\"_blank\"><img loading=\"lazy\" decoding=\"async\" class=\"aligncenter wp-image-920 size-full\" src=\"https:\/\/psychose-seminar-elmshorn.de\/wp-content\/uploads\/2015\/11\/Gesundheitsmontag-16.11.15-Das-Burnout-Syndrom-Plakat-Symbolbild.png\" alt=\"\" width=\"170\" height=\"240\" \/><\/a><\/p>\n<p>Im Rahmen der Veranstaltungsreihe \u201eGesundheitsmontag\u201c, die das Flora-Gesundheits-Zentrum regelm\u00e4\u00dfig f\u00fcr interessierte B\u00fcrgerinnen und B\u00fcrger\u00a0organisiert, findet<\/p>\n<p style=\"padding-left: 30px;\"><span style=\"color: #0000ff;\"><strong>am Montag, 16.11.15,<\/strong><\/span><br \/>\n<span style=\"color: #0000ff;\"><strong>um 18.30 Uhr<\/strong><\/span><br \/>\n<span style=\"color: #0000ff;\"><strong>im Info-Treff, des Flora-Gesundheitszentrums\u00a0<\/strong>(Schulstra\u00dfe 46-50, Elmshorn; genau dort, wo auch das Psychose-Seminar Elmshorn regelm\u00e4\u00dfig stattfindet)<\/span><\/p>\n<p>ein Seminar zum Thema \u201eBurnout\u201c statt.<\/p>\n<p style=\"text-align: center;\"><span style=\"color: #008000;\"><em><strong>Das Burnout-Syndrom!<br \/>\n<\/strong>Erkennen &#8211; Verstehen &#8211; Behandeln<\/em><br \/>\n<\/span><\/p>\n<p><em><span style=\"color: #008000;\">&#8222;Das Burnout-Syndrom beschreibt einen Zustand der tiefen und dauerhaften k\u00f6rperlichen und seelischen Ersch\u00f6pfung, der Leistungsunzufriedenheit und des Zynismus. Dieser Abend informiert \u00fcber Entstehung, Warnsignale und m\u00f6gliche Folgen der Krankheit, aber auch wie man einen Burnout verhindern kann, beleuchtet die Behandlung durch eine Psychotherapie und gibt erste Ansatzpunkte f\u00fcr eigene Ver\u00e4nderungen. Referentin ist Stefanie Ehlers, Ober\u00e4rztin f\u00fcr Psychosomatische Medizin und Psychotherapie, Sch\u00f6n Klinik Bad Barmstedt.&#8220;<\/span><\/em><\/p>\n<div class=\"page\" title=\"Page 2\">\n<div class=\"section\">\n<div class=\"layoutArea\">\n<div class=\"column\">\n<p>Interesse? Dann melden Sie sich\u00a0<strong>unbedingt<\/strong>\u00a0telefonisch unter 04121-4262-0 (oder direkt bei Frau Kr\u00f6ning unter 04121-4262-19) an. Die Teilnahme ist kostenlos!<\/p>\n<\/div>\n<\/div>\n<\/div>\n<\/div>\n<p>Einen Infoflyer gibt es\u00a0<a href=\"https:\/\/psychose-seminar-elmshorn.de\/wp-content\/uploads\/2015\/11\/Infoflyer-Flora-Elmshorn-Gesundheitsmontage-2015-02.pdf\" target=\"_blank\">-&gt; hier<\/a>. F\u00fcr einen Aushang eignet sich das\u00a0<a href=\"https:\/\/psychose-seminar-elmshorn.de\/wp-content\/uploads\/2015\/11\/Gesundheitsmontag-16.11.15-Das-Burnout-Syndrom-Plakat.pdf\" target=\"_blank\">-&gt; Plakat<\/a>\u00a0besser. Noch mehr Infos finden Sie auf der Webseite\u00a0<a href=\"http:\/\/www.flora-elmshorn.de\" target=\"_blank\">\u2013&gt; www.flora-elmshorn.de<\/a>.<\/p>\n<p><a href=\"https:\/\/psychose-seminar-elmshorn.de\/wp-content\/uploads\/2015\/11\/Infoflyer-Flora-Elmshorn-Gesundheitsmontage-2015-02.pdf\" target=\"_blank\"><img loading=\"lazy\" decoding=\"async\" class=\"wp-image-926 size-full aligncenter\" src=\"https:\/\/psychose-seminar-elmshorn.de\/wp-content\/uploads\/2015\/11\/Infoflyer-Flora-Elmshorn-Gesundheitsmontage-2015-02-Symbolbild.png\" alt=\"\" width=\"113\" height=\"240\" \/><\/a><\/p>\n","protected":false},"excerpt":{"rendered":"<p>Im Rahmen der Veranstaltungsreihe \u201eGesundheitsmontag\u201c, die das Flora-Gesundheits-Zentrum regelm\u00e4\u00dfig f\u00fcr interessierte B\u00fcrgerinnen und B\u00fcrger\u00a0organisiert, findet am Montag, 16.11.15, um 18.30 Uhr im Info-Treff, des Flora-Gesundheitszentrums\u00a0(Schulstra\u00dfe 46-50, Elmshorn; genau dort, wo auch das Psychose-Seminar Elmshorn regelm\u00e4\u00dfig stattfindet) ein Seminar zum Thema &hellip; <a href=\"https:\/\/psychose-seminar-elmshorn.de\/?p=928\">Weiterlesen <span class=\"meta-nav\">&rarr;<\/span><\/a><\/p>\n","protected":false},"author":1,"featured_media":0,"comment_status":"closed","ping_status":"closed","sticky":false,"template":"","format":"standard","meta":{"footnotes":""},"categories":[10,16,13,9],"tags":[],"class_list":["post-928","post","type-post","status-publish","format-standard","hentry","category-extern","category-fachveranstaltung","category-information","category-veranstaltungshinweis"],"_links":{"self":[{"href":"https:\/\/psychose-seminar-elmshorn.de\/index.php?rest_route=\/wp\/v2\/posts\/928","targetHints":{"allow":["GET"]}}],"collection":[{"href":"https:\/\/psychose-seminar-elmshorn.de\/index.php?rest_route=\/wp\/v2\/posts"}],"about":[{"href":"https:\/\/psychose-seminar-elmshorn.de\/index.php?rest_route=\/wp\/v2\/types\/post"}],"author":[{"embeddable":true,"href":"https:\/\/psychose-seminar-elmshorn.de\/index.php?rest_route=\/wp\/v2\/users\/1"}],"replies":[{"embeddable":true,"href":"https:\/\/psychose-seminar-elmshorn.de\/index.php?rest_route=%2Fwp%2Fv2%2Fcomments&post=928"}],"version-history":[{"count":2,"href":"https:\/\/psychose-seminar-elmshorn.de\/index.php?rest_route=\/wp\/v2\/posts\/928\/revisions"}],"predecessor-version":[{"id":938,"href":"https:\/\/psychose-seminar-elmshorn.de\/index.php?rest_route=\/wp\/v2\/posts\/928\/revisions\/938"}],"wp:attachment":[{"href":"https:\/\/psychose-seminar-elmshorn.de\/index.php?rest_route=%2Fwp%2Fv2%2Fmedia&parent=928"}],"wp:term":[{"taxonomy":"category","embeddable":true,"href":"https:\/\/psychose-seminar-elmshorn.de\/index.php?rest_route=%2Fwp%2Fv2%2Fcategories&post=928"},{"taxonomy":"post_tag","embeddable":true,"href":"https:\/\/psychose-seminar-elmshorn.de\/index.php?rest_route=%2Fwp%2Fv2%2Ftags&post=928"}],"curies":[{"name":"wp","href":"https:\/\/api.w.org\/{rel}","templated":true}]}}