{"id":922,"date":"2015-11-04T23:10:31","date_gmt":"2015-11-04T22:10:31","guid":{"rendered":"http:\/\/psychose-seminar-elmshorn.de\/?p=922"},"modified":"2015-11-13T00:45:59","modified_gmt":"2015-11-12T23:45:59","slug":"92-psychose-seminar-11-11-2015","status":"publish","type":"post","link":"https:\/\/psychose-seminar-elmshorn.de\/?p=922","title":{"rendered":"92. Psychose-Seminar | 11.11.2015"},"content":{"rendered":"<p><a href=\"https:\/\/psychose-seminar-elmshorn.de\/wp-content\/uploads\/2015\/11\/Einladung-92.-PSE-11.-November-2015.pdf\" target=\"_blank\"><img loading=\"lazy\" decoding=\"async\" class=\"wp-image-918 size-full aligncenter\" src=\"https:\/\/psychose-seminar-elmshorn.de\/wp-content\/uploads\/2015\/11\/Einladung-92.-PSE-11.-November-2015-Symbolbild.png\" alt=\"\" width=\"170\" height=\"240\" \/><\/a><\/p>\n<p><span style=\"text-decoration: underline; color: #000000;\"><strong>Einladung<\/strong><\/span><\/p>\n<p style=\"text-align: center;\"><span style=\"color: #0000ff;\"><strong>Mittwoch, 11.11.2015, 18.00 &#8211; 20.00 Uhr,<\/strong><\/span><br \/>\n<span style=\"color: #0000ff;\"><strong>Flora-Gesundheitszentrum, Schulstra\u00dfe 46 &#8211; 50, in Elmshorn<\/strong><\/span><\/p>\n<p><span style=\"text-decoration: underline;\"><strong>Thema<\/strong><\/span><\/p>\n<p style=\"text-align: center;\"><strong><span style=\"color: #008000;\">Kreativit\u00e4t und psychische Erkrankung<\/span><\/strong><\/p>\n<p style=\"text-align: center;\"><span style=\"color: #008000;\">Welchen Einfluss hat eine psychische Erkrankung auf die Kreativit\u00e4t? \u2026 einen hinderlichen oder einen f\u00f6rderlichen Einfluss? Liegen Genie und Wahnsinn wirklich so dicht beieinander, wie man es oft h\u00f6rt? Ist jeder psychisch erkrankte Mensch ein K\u00fcnstler? Was ist dran an diesem Mythos? Welche eigenen Erfahrungen gibt es?<\/span><\/p>\n<p>Das Psychose-Seminar Elmshorn findet an jedem zweiten Mittwoch im Monat im Info-Treff des Flora-Gesundheitszentrums in der Schulstra\u00dfe 46-50, Elmshorn statt (Eingang Arztpraxis, mit dem Aufzug ins Staffelgeschoss &#8222;S&#8220; fahren) statt.<\/p>\n<p><a href=\"https:\/\/psychose-seminar-elmshorn.de\/wp-content\/uploads\/2015\/11\/Einladung-92.-PSE-11.-November-2015.pdf\" target=\"_blank\">-&gt; Einladung zum Download!<\/a><\/p>\n<p><em>Das Psychose-Seminar Elmshorn wird\u00a0<span style=\"text-decoration: underline;\">unterst\u00fctzt<\/span>\u00a0von<\/em><\/p>\n<p><a href=\"http:\/\/www.bruecke-sh.de\" target=\"_blank\"><img loading=\"lazy\" decoding=\"async\" class=\"alignnone size-full wp-image-464\" style=\"border: 0px;\" src=\"https:\/\/psychose-seminar-elmshorn.de\/wp-content\/uploads\/2014\/03\/Logo-der-Br\u00fccke-SH-WEB.png\" alt=\"Logo der Br\u00fccke SH\" width=\"155\" height=\"120\" \/><\/a><a href=\"http:\/\/www.brueckeelmshorn.de\" target=\"_blank\"><img loading=\"lazy\" decoding=\"async\" class=\"alignnone size-full wp-image-464\" style=\"border: 0px;\" src=\"https:\/\/psychose-seminar-elmshorn.de\/wp-content\/uploads\/2014\/03\/Logo-der-Br\u00fccke-Elmshorn-eV-WEB.png\" alt=\"Logo der Br\u00fccke Elmshorn e. V.\" width=\"179\" height=\"120\" \/><\/a><\/p>\n<p><em><span style=\"text-decoration: underline;\">Kooperationspartner<\/span>\u00a0ist das<\/em><\/p>\n<p><a href=\"http:\/\/www.flora-elmshorn.de\" target=\"_blank\"><img loading=\"lazy\" decoding=\"async\" class=\"alignnone size-full wp-image-464\" style=\"border: 0px;\" src=\"https:\/\/psychose-seminar-elmshorn.de\/wp-content\/uploads\/2014\/04\/Logo-des-Flora-GesundheitsZENTRUMs-WEB.png\" alt=\"Logo des Flora-Gesundheitszentrums, Elmshorn\" width=\"170\" height=\"120\" \/><\/a><\/p>\n<p style=\"padding-left: 30px;\">\n","protected":false},"excerpt":{"rendered":"<p>Einladung Mittwoch, 11.11.2015, 18.00 &#8211; 20.00 Uhr, Flora-Gesundheitszentrum, Schulstra\u00dfe 46 &#8211; 50, in Elmshorn Thema Kreativit\u00e4t und psychische Erkrankung Welchen Einfluss hat eine psychische Erkrankung auf die Kreativit\u00e4t? \u2026 einen hinderlichen oder einen f\u00f6rderlichen Einfluss? Liegen Genie und Wahnsinn wirklich &hellip; <a href=\"https:\/\/psychose-seminar-elmshorn.de\/?p=922\">Weiterlesen <span class=\"meta-nav\">&rarr;<\/span><\/a><\/p>\n","protected":false},"author":1,"featured_media":0,"comment_status":"closed","ping_status":"closed","sticky":false,"template":"","format":"standard","meta":{"footnotes":""},"categories":[5,18,9],"tags":[],"class_list":["post-922","post","type-post","status-publish","format-standard","hentry","category-psychose-seminar","category-trialog","category-veranstaltungshinweis"],"_links":{"self":[{"href":"https:\/\/psychose-seminar-elmshorn.de\/index.php?rest_route=\/wp\/v2\/posts\/922","targetHints":{"allow":["GET"]}}],"collection":[{"href":"https:\/\/psychose-seminar-elmshorn.de\/index.php?rest_route=\/wp\/v2\/posts"}],"about":[{"href":"https:\/\/psychose-seminar-elmshorn.de\/index.php?rest_route=\/wp\/v2\/types\/post"}],"author":[{"embeddable":true,"href":"https:\/\/psychose-seminar-elmshorn.de\/index.php?rest_route=\/wp\/v2\/users\/1"}],"replies":[{"embeddable":true,"href":"https:\/\/psychose-seminar-elmshorn.de\/index.php?rest_route=%2Fwp%2Fv2%2Fcomments&post=922"}],"version-history":[{"count":1,"href":"https:\/\/psychose-seminar-elmshorn.de\/index.php?rest_route=\/wp\/v2\/posts\/922\/revisions"}],"predecessor-version":[{"id":923,"href":"https:\/\/psychose-seminar-elmshorn.de\/index.php?rest_route=\/wp\/v2\/posts\/922\/revisions\/923"}],"wp:attachment":[{"href":"https:\/\/psychose-seminar-elmshorn.de\/index.php?rest_route=%2Fwp%2Fv2%2Fmedia&parent=922"}],"wp:term":[{"taxonomy":"category","embeddable":true,"href":"https:\/\/psychose-seminar-elmshorn.de\/index.php?rest_route=%2Fwp%2Fv2%2Fcategories&post=922"},{"taxonomy":"post_tag","embeddable":true,"href":"https:\/\/psychose-seminar-elmshorn.de\/index.php?rest_route=%2Fwp%2Fv2%2Ftags&post=922"}],"curies":[{"name":"wp","href":"https:\/\/api.w.org\/{rel}","templated":true}]}}