{"id":881,"date":"2015-10-22T01:31:03","date_gmt":"2015-10-21T23:31:03","guid":{"rendered":"http:\/\/psychose-seminar-elmshorn.de\/?p=881"},"modified":"2015-10-22T01:31:03","modified_gmt":"2015-10-21T23:31:03","slug":"vortrag-depression-was-koennen-angehoerige-tun-03-11-2015","status":"publish","type":"post","link":"https:\/\/psychose-seminar-elmshorn.de\/?p=881","title":{"rendered":"Vortrag &#8222;Depression: Was k\u00f6nnen Angeh\u00f6rige tun?&#8220; | 03.11.2015"},"content":{"rendered":"<p><a href=\"https:\/\/psychose-seminar-elmshorn.de\/wp-content\/uploads\/2015\/10\/Flyer-Vortrag-Depression-was-k\u00f6nnen-Angeh\u00f6rige-tun-03.11.15-Rathaus-Schenefeld.pdf\" target=\"_blank\"><img loading=\"lazy\" decoding=\"async\" class=\"aligncenter wp-image-874 size-full\" src=\"https:\/\/psychose-seminar-elmshorn.de\/wp-content\/uploads\/2015\/10\/Flyer-Vortrag-Depression-was-k\u00f6nnen-Angeh\u00f6rige-tun-03.11.15-Rathaus-Schenefeld-Symbolbild.png\" alt=\"Flyer Vortrag Depression, was k\u00f6nnen Angeh\u00f6rige tun, 03.11.15, Rathaus Schenefeld (Symbolbild)\" width=\"170\" height=\"240\" \/><\/a><\/p>\n<p>Die <a href=\"https:\/\/psychose-seminar-elmshorn.de\/?p=678\">Selbsthilfegruppe f\u00fcr Angeh\u00f6rige von Menschen mit Depressionen und \u00c4ngsten<\/a> hat zusammen mit der <a href=\"https:\/\/www.stadt-schenefeld.de\/verzeichnis\/visitenkarte.php?mandat=58539\" target=\"_blank\">-&gt; Sozialberatung der Stadt Schenefeld<\/a> einen Fachvortrag organisiert, auf den wir an dieser Stelle sehr gern hinweisen m\u00f6chten:<\/p>\n<p style=\"text-align: center;\"><strong><span style=\"color: #008000;\">Depression: Was k\u00f6nnen Angeh\u00f6rige tun?<\/span><\/strong><\/p>\n<p>Unter dieser \u00dcberschrift wird Frau Dr. Diana Filler (Fach\u00e4rztin f\u00fcr Psychiatrie und Psychotherapie am Klinikum Elmshorn und Leiterin der psychiatrischen Tagesklinik Pinneberg) sich mit den Auswirkungen einer Depression auf Partnerschaft, Familienleben und Freundschaften auseinandersetzen:<\/p>\n<p style=\"text-align: center;\"><span style=\"color: #008000;\"><em>&#8222;Man macht sich Sorgen, m\u00f6chte helfen und ist doch oft sehr unsicher im Umgang mit dem Erkrankten. Was kann man als Angeh\u00f6riger tun? Und wo findet man selber Hilfe?&#8220;<\/em><\/span><\/p>\n<div class=\"page\" title=\"Page 1\">\n<div class=\"layoutArea\">\n<div class=\"column\">\n<p>Der Vortrag findet statt am<\/p>\n<p style=\"text-align: center;\"><strong><span style=\"color: #0000ff;\">Dienstag, 03.11.15, um 18.30 Uhr<\/span><\/strong><br \/>\n<strong><span style=\"color: #0000ff;\">im Ratssaal, des <a href=\"https:\/\/www.stadt-schenefeld.de\/seite\/67030\/rathaus.html\" target=\"_blank\">-&gt; Rathauses der Stadt Schenefeld<\/a>.<\/span><\/strong><\/p>\n<\/div>\n<p>Der Eintritt ist frei.<\/p>\n<\/div>\n<p>Weitere Infos und ein Kontakt f\u00fcr weitergehende Ausk\u00fcnfte findet sich auf dem Flyer zur Veranstaltung, der <a href=\"https:\/\/psychose-seminar-elmshorn.de\/wp-content\/uploads\/2015\/10\/Flyer-Vortrag-Depression-was-k\u00f6nnen-Angeh\u00f6rige-tun-03.11.15-Rathaus-Schenefeld.pdf\" target=\"_blank\">-&gt; hier<\/a> heruntergeladen werden kann.<\/p>\n<\/div>\n<p>&nbsp;<\/p>\n","protected":false},"excerpt":{"rendered":"<p>Die Selbsthilfegruppe f\u00fcr Angeh\u00f6rige von Menschen mit Depressionen und \u00c4ngsten hat zusammen mit der -&gt; Sozialberatung der Stadt Schenefeld einen Fachvortrag organisiert, auf den wir an dieser Stelle sehr gern hinweisen m\u00f6chten: Depression: Was k\u00f6nnen Angeh\u00f6rige tun? Unter dieser \u00dcberschrift &hellip; <a href=\"https:\/\/psychose-seminar-elmshorn.de\/?p=881\">Weiterlesen <span class=\"meta-nav\">&rarr;<\/span><\/a><\/p>\n","protected":false},"author":1,"featured_media":0,"comment_status":"closed","ping_status":"closed","sticky":false,"template":"","format":"standard","meta":{"footnotes":""},"categories":[10,13,9,27],"tags":[],"class_list":["post-881","post","type-post","status-publish","format-standard","hentry","category-extern","category-information","category-veranstaltungshinweis","category-vortrag"],"_links":{"self":[{"href":"https:\/\/psychose-seminar-elmshorn.de\/index.php?rest_route=\/wp\/v2\/posts\/881","targetHints":{"allow":["GET"]}}],"collection":[{"href":"https:\/\/psychose-seminar-elmshorn.de\/index.php?rest_route=\/wp\/v2\/posts"}],"about":[{"href":"https:\/\/psychose-seminar-elmshorn.de\/index.php?rest_route=\/wp\/v2\/types\/post"}],"author":[{"embeddable":true,"href":"https:\/\/psychose-seminar-elmshorn.de\/index.php?rest_route=\/wp\/v2\/users\/1"}],"replies":[{"embeddable":true,"href":"https:\/\/psychose-seminar-elmshorn.de\/index.php?rest_route=%2Fwp%2Fv2%2Fcomments&post=881"}],"version-history":[{"count":3,"href":"https:\/\/psychose-seminar-elmshorn.de\/index.php?rest_route=\/wp\/v2\/posts\/881\/revisions"}],"predecessor-version":[{"id":890,"href":"https:\/\/psychose-seminar-elmshorn.de\/index.php?rest_route=\/wp\/v2\/posts\/881\/revisions\/890"}],"wp:attachment":[{"href":"https:\/\/psychose-seminar-elmshorn.de\/index.php?rest_route=%2Fwp%2Fv2%2Fmedia&parent=881"}],"wp:term":[{"taxonomy":"category","embeddable":true,"href":"https:\/\/psychose-seminar-elmshorn.de\/index.php?rest_route=%2Fwp%2Fv2%2Fcategories&post=881"},{"taxonomy":"post_tag","embeddable":true,"href":"https:\/\/psychose-seminar-elmshorn.de\/index.php?rest_route=%2Fwp%2Fv2%2Ftags&post=881"}],"curies":[{"name":"wp","href":"https:\/\/api.w.org\/{rel}","templated":true}]}}