{"id":856,"date":"2015-09-09T12:57:00","date_gmt":"2015-09-09T10:57:00","guid":{"rendered":"http:\/\/psychose-seminar-elmshorn.de\/?p=856"},"modified":"2015-09-09T12:58:17","modified_gmt":"2015-09-09T10:58:17","slug":"fachveranstaltung-junge-erwachsene-mit-psychischen-erkrankungen-21-09-2015","status":"publish","type":"post","link":"https:\/\/psychose-seminar-elmshorn.de\/?p=856","title":{"rendered":"Fachveranstaltung &#8222;Junge Erwachsene mit psychischen Erkrankungen | 21.09.2015"},"content":{"rendered":"<p><a href=\"https:\/\/psychose-seminar-elmshorn.de\/wp-content\/uploads\/2015\/09\/Flyer-Veranstaltung-Junge-Erwachsene-mit-psychischer-Erkrankung-Begegnungsst\u00e4tte-Br\u00fccke-Elmshorn-eV-Br\u00fcckenhof-21.09.15.pdf\" target=\"_blank\"><img loading=\"lazy\" decoding=\"async\" class=\"aligncenter wp-image-840 size-full\" src=\"https:\/\/psychose-seminar-elmshorn.de\/wp-content\/uploads\/2015\/09\/Flyer-Veranstaltung-Junge-Erwachsene-mit-psychischer-Erkrankung-Begegnungsst\u00e4tte-Br\u00fccke-Elmshorn-eV-Br\u00fcckenhof-21.09.15-Symbolbild.png\" alt=\"Flyer Veranstaltung Junge Erwachsene mit psychischer Erkrankung, Begegnungsst\u00e4tte Br\u00fccke Elmshorn eV, Br\u00fcckenhof, 21.09.15 (Symbolbild)\" width=\"170\" height=\"240\" \/><\/a><\/p>\n<p><span style=\"text-decoration: underline;\">Hinweis auf eine Fachveranstaltung der Br\u00fccke Elmshorn e. V.:<\/span><\/p>\n<div class=\"page\" title=\"Page 1\">\n<div class=\"layoutArea\">\n<div class=\"column\">\n<p style=\"padding-left: 30px;\"><em>Psychische Erkrankungen im Jugendalter sind keine Seltenheit mehr.<\/em>\u00a0<em>Doch die Schnittstelle zwischen Jugendalter und der Zeit als junger Erwachsener verl\u00e4uft h\u00e4ufig nicht reibungslos. Hier gilt es f\u00fcr alle Seiten, Betroffene und Angeh\u00f6rige \/ Eltern, besondere Herausforderungen zu meistern. Zudem sind oft nicht alle \u00a0Unterst\u00fctzungsm\u00f6glichkeiten und Hilfsangebote bekannt.<\/em>\u00a0<em>Bei dieser Veranstaltung soll es um grundlegende Informationen zum Thema gehen und Raum sein f\u00fcr Fragen und Diskussion.<\/em><\/p>\n<p style=\"padding-left: 30px;\"><em>Frau Hagedorn, Frau Frey, Herr Walhorn und Herr Mielke vom Fachdienst Gesundheit \/ Team Sozialpsychiatrischer Dienst des Kreises Pinneberg f\u00fchren durch diese Veranstaltung.<\/em><\/p>\n<\/div>\n<\/div>\n<\/div>\n<p><span style=\"text-decoration: underline;\">Ort und Zeit:<\/span><\/p>\n<div class=\"page\" title=\"Page 1\">\n<div class=\"layoutArea\">\n<div class=\"column\">\n<p style=\"padding-left: 30px;\"><strong>Wann? <span style=\"color: #3366ff;\">Am Montag, 21. September 2015, 18:00-19:30 Uhr<\/span><\/strong><\/p>\n<p style=\"padding-left: 30px;\"><strong>Wo? <span style=\"color: #3366ff;\">Begegnungsst\u00e4tte Br\u00fccke Elmshorn e. V., Br\u00fcckenhof (Neue Stra\u00dfe 7,\u00a025335 Elmshorn)<\/span><\/strong><\/p>\n<\/div>\n<\/div>\n<\/div>\n<p>F\u00fcr Fragen zur Veranstaltung stehen die MitarbeiterInnen der Begegnungsst\u00e4tte gern telefonisch unter <strong>04121-70177-02<\/strong> zur Verf\u00fcgung. Eine Anmeldung ist nicht erforderlich. Die Teilnahme an der Veranstaltung ist kostenlos.<\/p>\n<p>Hier gibt&#8217;s noch einen\u00a0<a href=\"http:\/\/Hier gibt's noch einen -&gt; Infoflyer zum Herunterladen und Weiterverteilen.\" target=\"_blank\">-&gt; Infoflyer<\/a>\u00a0zum Herunterladen und Weiterverteilen.<\/p>\n<p>Eine Veranstaltung von:<\/p>\n<p><a href=\"http:\/\/www.brueckeelmshorn.de\" target=\"_blank\"><img loading=\"lazy\" decoding=\"async\" class=\"alignnone wp-image-462 size-full\" style=\"border: 0px;\" src=\"https:\/\/psychose-seminar-elmshorn.de\/wp-content\/uploads\/2014\/03\/Logo-der-Br\u00fccke-Elmshorn-eV-WEB.png\" alt=\"Logo der Br\u00fccke Elmshorn eV (WEB)\" width=\"179\" height=\"120\" \/><\/a><\/p>\n","protected":false},"excerpt":{"rendered":"<p>Hinweis auf eine Fachveranstaltung der Br\u00fccke Elmshorn e. V.: Psychische Erkrankungen im Jugendalter sind keine Seltenheit mehr.\u00a0Doch die Schnittstelle zwischen Jugendalter und der Zeit als junger Erwachsener verl\u00e4uft h\u00e4ufig nicht reibungslos. Hier gilt es f\u00fcr alle Seiten, Betroffene und Angeh\u00f6rige &hellip; <a href=\"https:\/\/psychose-seminar-elmshorn.de\/?p=856\">Weiterlesen <span class=\"meta-nav\">&rarr;<\/span><\/a><\/p>\n","protected":false},"author":1,"featured_media":0,"comment_status":"closed","ping_status":"closed","sticky":false,"template":"","format":"standard","meta":{"footnotes":""},"categories":[22,10,16,9],"tags":[],"class_list":["post-856","post","type-post","status-publish","format-standard","hentry","category-bruecke-elmshorn","category-extern","category-fachveranstaltung","category-veranstaltungshinweis"],"_links":{"self":[{"href":"https:\/\/psychose-seminar-elmshorn.de\/index.php?rest_route=\/wp\/v2\/posts\/856","targetHints":{"allow":["GET"]}}],"collection":[{"href":"https:\/\/psychose-seminar-elmshorn.de\/index.php?rest_route=\/wp\/v2\/posts"}],"about":[{"href":"https:\/\/psychose-seminar-elmshorn.de\/index.php?rest_route=\/wp\/v2\/types\/post"}],"author":[{"embeddable":true,"href":"https:\/\/psychose-seminar-elmshorn.de\/index.php?rest_route=\/wp\/v2\/users\/1"}],"replies":[{"embeddable":true,"href":"https:\/\/psychose-seminar-elmshorn.de\/index.php?rest_route=%2Fwp%2Fv2%2Fcomments&post=856"}],"version-history":[{"count":3,"href":"https:\/\/psychose-seminar-elmshorn.de\/index.php?rest_route=\/wp\/v2\/posts\/856\/revisions"}],"predecessor-version":[{"id":859,"href":"https:\/\/psychose-seminar-elmshorn.de\/index.php?rest_route=\/wp\/v2\/posts\/856\/revisions\/859"}],"wp:attachment":[{"href":"https:\/\/psychose-seminar-elmshorn.de\/index.php?rest_route=%2Fwp%2Fv2%2Fmedia&parent=856"}],"wp:term":[{"taxonomy":"category","embeddable":true,"href":"https:\/\/psychose-seminar-elmshorn.de\/index.php?rest_route=%2Fwp%2Fv2%2Fcategories&post=856"},{"taxonomy":"post_tag","embeddable":true,"href":"https:\/\/psychose-seminar-elmshorn.de\/index.php?rest_route=%2Fwp%2Fv2%2Ftags&post=856"}],"curies":[{"name":"wp","href":"https:\/\/api.w.org\/{rel}","templated":true}]}}