{"id":818,"date":"2015-08-04T22:16:20","date_gmt":"2015-08-04T20:16:20","guid":{"rendered":"http:\/\/psychose-seminar-elmshorn.de\/?p=818"},"modified":"2015-08-04T22:16:20","modified_gmt":"2015-08-04T20:16:20","slug":"trialogische-gespraechsrunde-in-pinneberg-31-08-2015","status":"publish","type":"post","link":"https:\/\/psychose-seminar-elmshorn.de\/?p=818","title":{"rendered":"trialogische Gespr\u00e4chsrunde in Pinneberg | 31.08.2015"},"content":{"rendered":"<p><a href=\"https:\/\/psychose-seminar-elmshorn.de\/wp-content\/uploads\/2015\/08\/Infoflyer-Trialogische-Gespr\u00e4chsrunde-31.08.15-AWO-Begegnungst\u00e4tte-Pinneberg.pdf\" target=\"_blank\"><img loading=\"lazy\" decoding=\"async\" class=\"aligncenter wp-image-819 size-full\" style=\"border: 0px;\" src=\"https:\/\/psychose-seminar-elmshorn.de\/wp-content\/uploads\/2015\/08\/Infoflyer-Trialogische-Gespr\u00e4chsrunde-31.08.15-AWO-Begegnungst\u00e4tte-Pinneberg-Symbolbild.png\" alt=\"\" width=\"170\" height=\"240\" \/><\/a><\/p>\n<p>Die Begegnungsst\u00e4tte der AWO Pinneberg, Das Schiff, l\u00e4dt zur Trialogischen Gespr\u00e4chsrunde ein, diesmal zum Thema:<\/p>\n<p style=\"text-align: center;\"><span style=\"color: #008000;\"><strong>Umgang mit psychischen Erkrankungen in den Medien<\/strong><\/span><\/p>\n<p style=\"text-align: center;\"><span style=\"color: #008000;\">Zum Gespr\u00e4ch eingeladen ist Tanja Salkowski, Projektleiterin und Moderatorin von <a href=\"http:\/\/www.radiosonnengrau.de\" target=\"_blank\">-&gt; Radio Sonnengrau<\/a>\u00a0aus L\u00fcbeck.<\/span><\/p>\n<p>ein.<\/p>\n<p>Die Veranstaltung findet statt<\/p>\n<p style=\"padding-left: 30px;\"><span style=\"color: #0000ff;\"><strong>am 31.08.2015,<\/strong><\/span><br \/>\n<span style=\"color: #0000ff;\"><strong>in der Zeit von 18.00 &#8211; 19.30 Uhr<\/strong><\/span><br \/>\n<span style=\"color: #0000ff;\"><strong>in der Begegnungsst\u00e4tte der AWO S-H gGmbH &#8222;Das Schiff&#8220;,<\/strong><\/span><br \/>\n<span style=\"color: #0000ff;\"><strong>Fahltskamp 30 in Pinneberg.<\/strong><\/span><\/p>\n<p>Die Teilnahme ist\u00a0<strong>kostenlos<\/strong>. Eine Anmeldung ist\u00a0<strong>nicht<\/strong>\u00a0erforderlich.<\/p>\n<p>Einen Flyer gibt&#8217;s\u00a0<a href=\"https:\/\/psychose-seminar-elmshorn.de\/wp-content\/uploads\/2015\/08\/Infoflyer-Trialogische-Gespr\u00e4chsrunde-31.08.15-AWO-Begegnungst\u00e4tte-Pinneberg.pdf\" target=\"_blank\">-&gt; hier<\/a>\u00a0zum Herunterladen und Weiterverteilen.<\/p>\n","protected":false},"excerpt":{"rendered":"<p>Die Begegnungsst\u00e4tte der AWO Pinneberg, Das Schiff, l\u00e4dt zur Trialogischen Gespr\u00e4chsrunde ein, diesmal zum Thema: Umgang mit psychischen Erkrankungen in den Medien Zum Gespr\u00e4ch eingeladen ist Tanja Salkowski, Projektleiterin und Moderatorin von -&gt; Radio Sonnengrau\u00a0aus L\u00fcbeck. ein. Die Veranstaltung findet &hellip; <a href=\"https:\/\/psychose-seminar-elmshorn.de\/?p=818\">Weiterlesen <span class=\"meta-nav\">&rarr;<\/span><\/a><\/p>\n","protected":false},"author":1,"featured_media":0,"comment_status":"closed","ping_status":"closed","sticky":false,"template":"","format":"standard","meta":{"footnotes":""},"categories":[10,18,9],"tags":[],"class_list":["post-818","post","type-post","status-publish","format-standard","hentry","category-extern","category-trialog","category-veranstaltungshinweis"],"_links":{"self":[{"href":"https:\/\/psychose-seminar-elmshorn.de\/index.php?rest_route=\/wp\/v2\/posts\/818","targetHints":{"allow":["GET"]}}],"collection":[{"href":"https:\/\/psychose-seminar-elmshorn.de\/index.php?rest_route=\/wp\/v2\/posts"}],"about":[{"href":"https:\/\/psychose-seminar-elmshorn.de\/index.php?rest_route=\/wp\/v2\/types\/post"}],"author":[{"embeddable":true,"href":"https:\/\/psychose-seminar-elmshorn.de\/index.php?rest_route=\/wp\/v2\/users\/1"}],"replies":[{"embeddable":true,"href":"https:\/\/psychose-seminar-elmshorn.de\/index.php?rest_route=%2Fwp%2Fv2%2Fcomments&post=818"}],"version-history":[{"count":1,"href":"https:\/\/psychose-seminar-elmshorn.de\/index.php?rest_route=\/wp\/v2\/posts\/818\/revisions"}],"predecessor-version":[{"id":821,"href":"https:\/\/psychose-seminar-elmshorn.de\/index.php?rest_route=\/wp\/v2\/posts\/818\/revisions\/821"}],"wp:attachment":[{"href":"https:\/\/psychose-seminar-elmshorn.de\/index.php?rest_route=%2Fwp%2Fv2%2Fmedia&parent=818"}],"wp:term":[{"taxonomy":"category","embeddable":true,"href":"https:\/\/psychose-seminar-elmshorn.de\/index.php?rest_route=%2Fwp%2Fv2%2Fcategories&post=818"},{"taxonomy":"post_tag","embeddable":true,"href":"https:\/\/psychose-seminar-elmshorn.de\/index.php?rest_route=%2Fwp%2Fv2%2Ftags&post=818"}],"curies":[{"name":"wp","href":"https:\/\/api.w.org\/{rel}","templated":true}]}}