{"id":796,"date":"2015-06-25T20:47:56","date_gmt":"2015-06-25T18:47:56","guid":{"rendered":"http:\/\/psychose-seminar-elmshorn.de\/?p=796"},"modified":"2015-06-25T20:47:56","modified_gmt":"2015-06-25T18:47:56","slug":"schon-mal-vormerken-landestreffen-2015-der-psychose-seminare-in-sh-am-02-10-15","status":"publish","type":"post","link":"https:\/\/psychose-seminar-elmshorn.de\/?p=796","title":{"rendered":"schon mal vormerken: Landestreffen 2015 der Psychose-Seminare in SH am 02.10.15!"},"content":{"rendered":"<div class=\"page\" title=\"Page 1\">\n<div class=\"layoutArea\">\n<div class=\"column\">\n<p style=\"text-align: left;\">Der Termin f\u00fcr das diesj\u00e4hrige Landestreffen der schleswig-holsteinischen Psychose-Seminare steht fest. Der Parit\u00e4tische Wohlfahrtsverband Schleswig-Holstein e. V.\u00a0informiert:<\/p>\n<p style=\"text-align: left;\"><a href=\"https:\/\/psychose-seminar-elmshorn.de\/wp-content\/uploads\/2015\/06\/Vorank\u00fcndigung-20.-Landestreffen-der-Psychose-Seminare-in-SH-02.10.15-Kiel.pdf\" target=\"_blank\"><img loading=\"lazy\" decoding=\"async\" class=\"aligncenter wp-image-797 size-full\" src=\"https:\/\/psychose-seminar-elmshorn.de\/wp-content\/uploads\/2015\/06\/Vorank\u00fcndigung-20.-Landestreffen-der-Psychose-Seminare-in-SH-02.10.15-Kiel-Symbolbild.png\" alt=\"Vorank\u00fcndigung 20. Landestreffen der Psychose-Seminare in SH, 02.10.15, Kiel (Symbolbild)\" width=\"170\" height=\"240\" \/><\/a><\/p>\n<p style=\"text-align: center; padding-left: 30px;\"><em><strong>20. Landesweites Treffen der Psychoseseminare Schleswig-Holstein<\/strong><\/em><\/p>\n<p style=\"padding-left: 30px;\"><em>Sehr geehrte Damen und Herren, liebe Kolleginnen und Kollegen,<\/em><\/p>\n<p style=\"padding-left: 30px;\"><em>es gibt etwas zu feiern und etwas zu erleben. Die Vorbereitungsgruppe des Landesweiten Treffens hat einen Termin f\u00fcr die diesj\u00e4hrige Veranstaltung festgelegt und sich Gedanken zum 20. Geburtstag gemacht. Sie k\u00f6nnen neugierig sein.<\/em><\/p>\n<p style=\"padding-left: 30px;\"><em>Das Treffen wird stattfinden am<\/em><\/p>\n<p style=\"text-align: center; padding-left: 30px;\"><em><span style=\"color: #ff0000;\"><strong>Freitag, den 2. Oktober 2015, von 12.30 bis 17.15 Uhr in den R\u00e4umen der Gesch\u00e4ftsstelle des Parit\u00e4tischen SH, Zum Brook 4, Kiel<\/strong><\/span><\/em><\/p>\n<p style=\"padding-left: 30px;\"><em>Bitte notiert Euch \/ notieren Sie sich den Termin, damit wir das 20-j\u00e4hrige Jubil\u00e4um des landesweiten Treffens geb\u00fchrend begehen k\u00f6nnen.<\/em><\/p>\n<p style=\"padding-left: 30px;\"><em>Eine ausf\u00fchrliche Einladung zur Vorbereitung und Einstimmung mit den Arbeitsgruppen folgt nach den Sommerferien.<\/em><\/p>\n<p style=\"padding-left: 30px;\"><em>Ich w\u00fcnsche allen eine sch\u00f6ne und sonnige Zeit bis dahin!<\/em><\/p>\n<p style=\"padding-left: 30px;\"><em>Mit freundlichen Gr\u00fc\u00dfen<br \/>\n<\/em><em>Sonja Steinbach<\/em><\/p>\n<p>Dem ist nichts hinzuzuf\u00fcgen, au\u00dfer dass es erstens die Einladung inkl. Programm nat\u00fcrlich rechtzeitig auch auf dieser Webseite zu lesen geben wird (wahrscheinlich ab Mitte August) und man zweitens oben wiedergegebenes Info-Schreiben <a href=\"https:\/\/psychose-seminar-elmshorn.de\/wp-content\/uploads\/2015\/06\/Vorank\u00fcndigung-20.-Landestreffen-der-Psychose-Seminare-in-SH-02.10.15-Kiel.pdf\" target=\"_blank\">-&gt; hier herunterladen<\/a> kann. Bitte ausdrucken, aush\u00e4ngen, weiterverteilen, weiterleiten. Vielen Dank.<\/p>\n<\/div>\n<\/div>\n<\/div>\n","protected":false},"excerpt":{"rendered":"<p>Der Termin f\u00fcr das diesj\u00e4hrige Landestreffen der schleswig-holsteinischen Psychose-Seminare steht fest. Der Parit\u00e4tische Wohlfahrtsverband Schleswig-Holstein e. V.\u00a0informiert: 20. Landesweites Treffen der Psychoseseminare Schleswig-Holstein Sehr geehrte Damen und Herren, liebe Kolleginnen und Kollegen, es gibt etwas zu feiern und etwas zu &hellip; <a href=\"https:\/\/psychose-seminar-elmshorn.de\/?p=796\">Weiterlesen <span class=\"meta-nav\">&rarr;<\/span><\/a><\/p>\n","protected":false},"author":1,"featured_media":0,"comment_status":"closed","ping_status":"closed","sticky":false,"template":"","format":"standard","meta":{"footnotes":""},"categories":[10,5,18,9],"tags":[],"class_list":["post-796","post","type-post","status-publish","format-standard","hentry","category-extern","category-psychose-seminar","category-trialog","category-veranstaltungshinweis"],"_links":{"self":[{"href":"https:\/\/psychose-seminar-elmshorn.de\/index.php?rest_route=\/wp\/v2\/posts\/796","targetHints":{"allow":["GET"]}}],"collection":[{"href":"https:\/\/psychose-seminar-elmshorn.de\/index.php?rest_route=\/wp\/v2\/posts"}],"about":[{"href":"https:\/\/psychose-seminar-elmshorn.de\/index.php?rest_route=\/wp\/v2\/types\/post"}],"author":[{"embeddable":true,"href":"https:\/\/psychose-seminar-elmshorn.de\/index.php?rest_route=\/wp\/v2\/users\/1"}],"replies":[{"embeddable":true,"href":"https:\/\/psychose-seminar-elmshorn.de\/index.php?rest_route=%2Fwp%2Fv2%2Fcomments&post=796"}],"version-history":[{"count":1,"href":"https:\/\/psychose-seminar-elmshorn.de\/index.php?rest_route=\/wp\/v2\/posts\/796\/revisions"}],"predecessor-version":[{"id":799,"href":"https:\/\/psychose-seminar-elmshorn.de\/index.php?rest_route=\/wp\/v2\/posts\/796\/revisions\/799"}],"wp:attachment":[{"href":"https:\/\/psychose-seminar-elmshorn.de\/index.php?rest_route=%2Fwp%2Fv2%2Fmedia&parent=796"}],"wp:term":[{"taxonomy":"category","embeddable":true,"href":"https:\/\/psychose-seminar-elmshorn.de\/index.php?rest_route=%2Fwp%2Fv2%2Fcategories&post=796"},{"taxonomy":"post_tag","embeddable":true,"href":"https:\/\/psychose-seminar-elmshorn.de\/index.php?rest_route=%2Fwp%2Fv2%2Ftags&post=796"}],"curies":[{"name":"wp","href":"https:\/\/api.w.org\/{rel}","templated":true}]}}