{"id":790,"date":"2015-06-22T22:22:56","date_gmt":"2015-06-22T20:22:56","guid":{"rendered":"http:\/\/psychose-seminar-elmshorn.de\/?p=790"},"modified":"2015-07-12T13:02:39","modified_gmt":"2015-07-12T11:02:39","slug":"88-psychose-seminar-08-07-2015","status":"publish","type":"post","link":"https:\/\/psychose-seminar-elmshorn.de\/?p=790","title":{"rendered":"88. Psychose-Seminar | 08.07.2015"},"content":{"rendered":"<p><a href=\"https:\/\/psychose-seminar-elmshorn.de\/wp-content\/uploads\/2015\/06\/Einladung-88.-PSE-08.-Juli-2015.pdf\" target=\"_blank\"><img loading=\"lazy\" decoding=\"async\" class=\"aligncenter wp-image-792 size-full\" style=\"border: 0px;\" src=\"https:\/\/psychose-seminar-elmshorn.de\/wp-content\/uploads\/2015\/06\/Einladung-88.-PSE-08.-Juli-2015-Symbolbild.png\" alt=\"\" width=\"170\" height=\"240\" \/><\/a><\/p>\n<p><span style=\"text-decoration: underline; color: #000000;\"><strong>Einladung<\/strong><\/span><\/p>\n<p style=\"text-align: center;\"><span style=\"color: #0000ff;\"><strong>Mittwoch, 08.07.2015, 18.00 &#8211; 20.00 Uhr,<\/strong><\/span><br \/>\n<span style=\"color: #0000ff;\"><strong>Flora-Gesundheitszentrum, Schulstra\u00dfe 46 &#8211; 50, in Elmshorn<\/strong><\/span><\/p>\n<p><span style=\"text-decoration: underline;\"><strong>Thema<\/strong><\/span><\/p>\n<p style=\"text-align: center;\"><strong><span style=\"color: #008000;\">Angst und Panik<\/span><\/strong><\/p>\n<p style=\"text-align: center;\"><span style=\"color: #008000;\">Was ist noch \u201enormal&#8220; und gesund \u2013 wann wird das Gef\u00fchl behandlungsbed\u00fcrftig? Wie beeinflusst Angst unser Leben? Wie k\u00f6nnen Angeh\u00f6rige hilfreich sein, und was k\u00f6nnen Betreuer tun?<\/span><\/p>\n<p>Das Psychose-Seminar Elmshorn findet an jedem zweiten Mittwoch im Monat im Info-Treff des Flora-Gesundheitszentrums in der Schulstra\u00dfe 46-50, Elmshorn statt (Eingang Arztpraxis, mit dem Aufzug ins Staffelgeschoss &#8222;S&#8220; fahren) statt.<\/p>\n<p><a href=\"https:\/\/psychose-seminar-elmshorn.de\/wp-content\/uploads\/2015\/06\/Einladung-88.-PSE-08.-Juli-2015.pdf\" target=\"_blank\">-&gt; Einladung zum Download!<\/a><\/p>\n<p>Das Psychose-Seminar Elmshorn wird unterst\u00fctzt von:<\/p>\n<p><a href=\"http:\/\/www.bruecke-sh.de\" target=\"_blank\"><img loading=\"lazy\" decoding=\"async\" class=\"alignnone size-full wp-image-464\" style=\"border: 0px;\" src=\"https:\/\/psychose-seminar-elmshorn.de\/wp-content\/uploads\/2014\/03\/Logo-der-Br\u00fccke-SH-WEB.png\" alt=\"Logo der Br\u00fccke SH\" width=\"155\" height=\"120\" \/><\/a><a href=\"http:\/\/www.brueckeelmshorn.de\" target=\"_blank\"><img loading=\"lazy\" decoding=\"async\" class=\"alignnone size-full wp-image-464\" style=\"border: 0px;\" src=\"https:\/\/psychose-seminar-elmshorn.de\/wp-content\/uploads\/2014\/03\/Logo-der-Br\u00fccke-Elmshorn-eV-WEB.png\" alt=\"Logo der Br\u00fccke Elmshorn e. V.\" width=\"179\" height=\"120\" \/><\/a><\/p>\n<p>Kooperationspartner:<\/p>\n<p><a href=\"http:\/\/www.flora-elmshorn.de\" target=\"_blank\"><img loading=\"lazy\" decoding=\"async\" class=\"alignnone size-full wp-image-464\" style=\"border: 0px;\" src=\"https:\/\/psychose-seminar-elmshorn.de\/wp-content\/uploads\/2014\/04\/Logo-des-Flora-GesundheitsZENTRUMs-WEB.png\" alt=\"Logo des Flora-Gesundheitszentrums, Elmshorn\" width=\"170\" height=\"120\" \/><\/a><\/p>\n<p style=\"padding-left: 30px;\">\n","protected":false},"excerpt":{"rendered":"<p>Einladung Mittwoch, 08.07.2015, 18.00 &#8211; 20.00 Uhr, Flora-Gesundheitszentrum, Schulstra\u00dfe 46 &#8211; 50, in Elmshorn Thema Angst und Panik Was ist noch \u201enormal&#8220; und gesund \u2013 wann wird das Gef\u00fchl behandlungsbed\u00fcrftig? Wie beeinflusst Angst unser Leben? Wie k\u00f6nnen Angeh\u00f6rige hilfreich sein, &hellip; <a href=\"https:\/\/psychose-seminar-elmshorn.de\/?p=790\">Weiterlesen <span class=\"meta-nav\">&rarr;<\/span><\/a><\/p>\n","protected":false},"author":1,"featured_media":0,"comment_status":"closed","ping_status":"closed","sticky":false,"template":"","format":"standard","meta":{"footnotes":""},"categories":[5,18,9],"tags":[],"class_list":["post-790","post","type-post","status-publish","format-standard","hentry","category-psychose-seminar","category-trialog","category-veranstaltungshinweis"],"_links":{"self":[{"href":"https:\/\/psychose-seminar-elmshorn.de\/index.php?rest_route=\/wp\/v2\/posts\/790","targetHints":{"allow":["GET"]}}],"collection":[{"href":"https:\/\/psychose-seminar-elmshorn.de\/index.php?rest_route=\/wp\/v2\/posts"}],"about":[{"href":"https:\/\/psychose-seminar-elmshorn.de\/index.php?rest_route=\/wp\/v2\/types\/post"}],"author":[{"embeddable":true,"href":"https:\/\/psychose-seminar-elmshorn.de\/index.php?rest_route=\/wp\/v2\/users\/1"}],"replies":[{"embeddable":true,"href":"https:\/\/psychose-seminar-elmshorn.de\/index.php?rest_route=%2Fwp%2Fv2%2Fcomments&post=790"}],"version-history":[{"count":2,"href":"https:\/\/psychose-seminar-elmshorn.de\/index.php?rest_route=\/wp\/v2\/posts\/790\/revisions"}],"predecessor-version":[{"id":794,"href":"https:\/\/psychose-seminar-elmshorn.de\/index.php?rest_route=\/wp\/v2\/posts\/790\/revisions\/794"}],"wp:attachment":[{"href":"https:\/\/psychose-seminar-elmshorn.de\/index.php?rest_route=%2Fwp%2Fv2%2Fmedia&parent=790"}],"wp:term":[{"taxonomy":"category","embeddable":true,"href":"https:\/\/psychose-seminar-elmshorn.de\/index.php?rest_route=%2Fwp%2Fv2%2Fcategories&post=790"},{"taxonomy":"post_tag","embeddable":true,"href":"https:\/\/psychose-seminar-elmshorn.de\/index.php?rest_route=%2Fwp%2Fv2%2Ftags&post=790"}],"curies":[{"name":"wp","href":"https:\/\/api.w.org\/{rel}","templated":true}]}}