{"id":785,"date":"2015-06-17T15:49:29","date_gmt":"2015-06-17T13:49:29","guid":{"rendered":"http:\/\/psychose-seminar-elmshorn.de\/?p=785"},"modified":"2015-06-17T15:49:29","modified_gmt":"2015-06-17T13:49:29","slug":"beschwerdestelle-pinneberg-e-v-sucht-mitstreiter","status":"publish","type":"post","link":"https:\/\/psychose-seminar-elmshorn.de\/?p=785","title":{"rendered":"Beschwerdestelle Pinneberg e. V. sucht Mitstreiter!"},"content":{"rendered":"<p>Gerne ver\u00f6ffentlichen wir an dieser Stelle einen Aufruf des Vereins &#8222;Unabh\u00e4ngige Beschwerdestelle Pinneberg e. V.&#8220; und bitten um freundliche Beachtung. Vielen Dank!<\/p>\n<p style=\"text-align: center;\"><span style=\"color: #ff0000;\"><strong><em>Die unabh\u00e4ngige Beschwerdestelle im<\/em><\/strong><\/span><br \/>\n<span style=\"color: #ff0000;\"><strong><em>Kreis Pinneberg sucht dringend Unterst\u00fctzung!<\/em><\/strong><\/span><\/p>\n<p><em>Aktuell sind gleich mehrere Positionen innerhalb des Vereins nicht besetzt: 1. Vorsitz und Kassenpr\u00fcfung. Dar\u00fcber hinaus ist aber jeder, der \/ die sich f\u00fcr die Anliegen des unabh\u00e4ngigen Beschwerdewesens in der Psychiatrie engagieren m\u00f6chte, herzlich willkommen! Der damit verbundene Arbeitsaufwand h\u00e4lt sich \u00fcbrigens in Grenzen: Aktuell trifft sich der Vorstand alle 2 Monate zu einer Sitzung. Die Beschwerdestelle Pinneberg arbeitet trialogisch, entsprechend sind gleicherma\u00dfen Profis, Angeh\u00f6rige und Betroffene eingeladen, mitzuwirken. Die Betroffenen sind derzeit zahlenm\u00e4\u00dfig die st\u00e4rkste Gruppe in der Mitgliederschaft, insofern werden aktuell vor allem Angeh\u00f6rige und Profis gesucht.<\/em><\/p>\n<p><em>Wer grunds\u00e4tzliches Interesse hat und mehr wissen m\u00f6chte: Die Webseite des Landesverbandes der unabh\u00e4ngigen Beschwerdestellen Psychiatrie in Schleswig-Holstein bietet unter <a href=\"http:\/\/lv-beschwerdestellen-sh.de\" target=\"_blank\">-&gt; http:\/\/lv-beschwerdestellen-sh.de<\/a> einen Einstieg ins Thema. Die Beschwerdestelle Pinneberg hat auch eine eigene Webseite: <a href=\"http:\/\/www.beschwerdestelle-pinneberg.de\" target=\"_blank\">-&gt; http:\/\/www.beschwerdestelle-pinneberg.de<\/a>.<\/em><\/p>\n<p><em>Au\u00dferdem steht nat\u00fcrlich Herr Bartels &#8211; ehemaliger Arzt im Sozialpsychiatrischen Dienst des Kreises Pinneberg und heute Vorsitzender des Landesverbandes der Beschwerdestellen in SH und kommissarischer Vorsitzender der Pinneberger Beschwerdestelle &#8211; gern f\u00fcr Fragen und Informationen zur Verf\u00fcgung: <a href=\"mailto:rolf.w.bartels@lv-beschwerdestellen-sh.de\">rolf.w.bartels@lv-beschwerdestellen-sh.de<\/a>.<\/em><\/p>\n<p>Dieser Aufruf kann <a href=\"https:\/\/psychose-seminar-elmshorn.de\/wp-content\/uploads\/2015\/06\/15-06-17-Aufruf-Unterst\u00fctzung-Beschwerdestelle-Kreis-Pinneberg-eV.pdf\" target=\"_blank\">-&gt; hier<\/a> als PDF heruntergeladen und auch sehr gern weiterverteilt werden!<\/p>\n","protected":false},"excerpt":{"rendered":"<p>Gerne ver\u00f6ffentlichen wir an dieser Stelle einen Aufruf des Vereins &#8222;Unabh\u00e4ngige Beschwerdestelle Pinneberg e. V.&#8220; und bitten um freundliche Beachtung. Vielen Dank! Die unabh\u00e4ngige Beschwerdestelle im Kreis Pinneberg sucht dringend Unterst\u00fctzung! Aktuell sind gleich mehrere Positionen innerhalb des Vereins nicht &hellip; <a href=\"https:\/\/psychose-seminar-elmshorn.de\/?p=785\">Weiterlesen <span class=\"meta-nav\">&rarr;<\/span><\/a><\/p>\n","protected":false},"author":1,"featured_media":0,"comment_status":"closed","ping_status":"closed","sticky":false,"template":"","format":"standard","meta":{"footnotes":""},"categories":[19,10,13,12],"tags":[],"class_list":["post-785","post","type-post","status-publish","format-standard","hentry","category-ehrenamtliches-engagement","category-extern","category-information","category-unabhaengige-beschwerdestelle-sh"],"_links":{"self":[{"href":"https:\/\/psychose-seminar-elmshorn.de\/index.php?rest_route=\/wp\/v2\/posts\/785","targetHints":{"allow":["GET"]}}],"collection":[{"href":"https:\/\/psychose-seminar-elmshorn.de\/index.php?rest_route=\/wp\/v2\/posts"}],"about":[{"href":"https:\/\/psychose-seminar-elmshorn.de\/index.php?rest_route=\/wp\/v2\/types\/post"}],"author":[{"embeddable":true,"href":"https:\/\/psychose-seminar-elmshorn.de\/index.php?rest_route=\/wp\/v2\/users\/1"}],"replies":[{"embeddable":true,"href":"https:\/\/psychose-seminar-elmshorn.de\/index.php?rest_route=%2Fwp%2Fv2%2Fcomments&post=785"}],"version-history":[{"count":2,"href":"https:\/\/psychose-seminar-elmshorn.de\/index.php?rest_route=\/wp\/v2\/posts\/785\/revisions"}],"predecessor-version":[{"id":788,"href":"https:\/\/psychose-seminar-elmshorn.de\/index.php?rest_route=\/wp\/v2\/posts\/785\/revisions\/788"}],"wp:attachment":[{"href":"https:\/\/psychose-seminar-elmshorn.de\/index.php?rest_route=%2Fwp%2Fv2%2Fmedia&parent=785"}],"wp:term":[{"taxonomy":"category","embeddable":true,"href":"https:\/\/psychose-seminar-elmshorn.de\/index.php?rest_route=%2Fwp%2Fv2%2Fcategories&post=785"},{"taxonomy":"post_tag","embeddable":true,"href":"https:\/\/psychose-seminar-elmshorn.de\/index.php?rest_route=%2Fwp%2Fv2%2Ftags&post=785"}],"curies":[{"name":"wp","href":"https:\/\/api.w.org\/{rel}","templated":true}]}}