{"id":750,"date":"2015-04-17T15:27:52","date_gmt":"2015-04-17T13:27:52","guid":{"rendered":"http:\/\/psychose-seminar-elmshorn.de\/?p=750"},"modified":"2015-04-17T15:27:52","modified_gmt":"2015-04-17T13:27:52","slug":"elmshorner-selbsthilfetag-2015-25-04-2015","status":"publish","type":"post","link":"https:\/\/psychose-seminar-elmshorn.de\/?p=750","title":{"rendered":"Elmshorner Selbsthilfetag 2015 | 25.04.2015"},"content":{"rendered":"<p><a href=\"https:\/\/psychose-seminar-elmshorn.de\/wp-content\/uploads\/2015\/04\/Einladung-Selbsthilfetag-Elmshorn-2015.pdf\" target=\"_blank\"><img loading=\"lazy\" decoding=\"async\" class=\" size-full wp-image-755 aligncenter\" src=\"https:\/\/psychose-seminar-elmshorn.de\/wp-content\/uploads\/2015\/04\/Einladung-Selbsthilfetag-Elmshorn-2015-Symbolbild.png\" alt=\"Einladung Selbsthilfetag Elmshorn 2015 (Symbolbild)\" width=\"240\" height=\"240\" srcset=\"https:\/\/psychose-seminar-elmshorn.de\/wp-content\/uploads\/2015\/04\/Einladung-Selbsthilfetag-Elmshorn-2015-Symbolbild.png 240w, https:\/\/psychose-seminar-elmshorn.de\/wp-content\/uploads\/2015\/04\/Einladung-Selbsthilfetag-Elmshorn-2015-Symbolbild-150x150.png 150w\" sizes=\"auto, (max-width: 240px) 100vw, 240px\" \/><\/a><\/p>\n<p>Wir m\u00f6chten an dieser Stelle kurz auf den Elmshorner Selbsthilfetag 2015 hinweisen, der<\/p>\n<p style=\"text-align: center;\"><span style=\"color: #0000ff;\"><strong>am Samstag, 25.04.15, in der Zeit von 10 bis 14 Uhr,<\/strong><\/span><br \/>\n<span style=\"color: #0000ff;\"><strong> im und am Regio Klinikum Elmshorn (Agnes-Karll-Allee 17, 25337 Elmshorn)<\/strong><\/span><\/p>\n<p>stattfinden wird.<\/p>\n<p>Thematisch liegt der Fokus in diesem Jahr auf Gef\u00e4\u00dferkrankungen und m\u00f6gliche Therapien. Allerdings stellen sich auch in diesem Jahr wieder Selbsthilfegruppen mit psychiatrischem Bezug vor. Details entnehmen Sie bitte dem <a href=\"https:\/\/psychose-seminar-elmshorn.de\/wp-content\/uploads\/2015\/04\/Einladung-Selbsthilfetag-Elmshorn-2015.pdf\" target=\"_blank\">-&gt; Flyer<\/a>.<\/p>\n","protected":false},"excerpt":{"rendered":"<p>Wir m\u00f6chten an dieser Stelle kurz auf den Elmshorner Selbsthilfetag 2015 hinweisen, der am Samstag, 25.04.15, in der Zeit von 10 bis 14 Uhr, im und am Regio Klinikum Elmshorn (Agnes-Karll-Allee 17, 25337 Elmshorn) stattfinden wird. Thematisch liegt der Fokus &hellip; <a href=\"https:\/\/psychose-seminar-elmshorn.de\/?p=750\">Weiterlesen <span class=\"meta-nav\">&rarr;<\/span><\/a><\/p>\n","protected":false},"author":1,"featured_media":0,"comment_status":"closed","ping_status":"closed","sticky":false,"template":"","format":"standard","meta":{"footnotes":""},"categories":[19,10,14,9],"tags":[],"class_list":["post-750","post","type-post","status-publish","format-standard","hentry","category-ehrenamtliches-engagement","category-extern","category-selbsthilfe","category-veranstaltungshinweis"],"_links":{"self":[{"href":"https:\/\/psychose-seminar-elmshorn.de\/index.php?rest_route=\/wp\/v2\/posts\/750","targetHints":{"allow":["GET"]}}],"collection":[{"href":"https:\/\/psychose-seminar-elmshorn.de\/index.php?rest_route=\/wp\/v2\/posts"}],"about":[{"href":"https:\/\/psychose-seminar-elmshorn.de\/index.php?rest_route=\/wp\/v2\/types\/post"}],"author":[{"embeddable":true,"href":"https:\/\/psychose-seminar-elmshorn.de\/index.php?rest_route=\/wp\/v2\/users\/1"}],"replies":[{"embeddable":true,"href":"https:\/\/psychose-seminar-elmshorn.de\/index.php?rest_route=%2Fwp%2Fv2%2Fcomments&post=750"}],"version-history":[{"count":3,"href":"https:\/\/psychose-seminar-elmshorn.de\/index.php?rest_route=\/wp\/v2\/posts\/750\/revisions"}],"predecessor-version":[{"id":761,"href":"https:\/\/psychose-seminar-elmshorn.de\/index.php?rest_route=\/wp\/v2\/posts\/750\/revisions\/761"}],"wp:attachment":[{"href":"https:\/\/psychose-seminar-elmshorn.de\/index.php?rest_route=%2Fwp%2Fv2%2Fmedia&parent=750"}],"wp:term":[{"taxonomy":"category","embeddable":true,"href":"https:\/\/psychose-seminar-elmshorn.de\/index.php?rest_route=%2Fwp%2Fv2%2Fcategories&post=750"},{"taxonomy":"post_tag","embeddable":true,"href":"https:\/\/psychose-seminar-elmshorn.de\/index.php?rest_route=%2Fwp%2Fv2%2Ftags&post=750"}],"curies":[{"name":"wp","href":"https:\/\/api.w.org\/{rel}","templated":true}]}}