{"id":742,"date":"2015-03-31T13:24:16","date_gmt":"2015-03-31T11:24:16","guid":{"rendered":"http:\/\/psychose-seminar-elmshorn.de\/?p=742"},"modified":"2015-04-17T15:03:17","modified_gmt":"2015-04-17T13:03:17","slug":"85-psychose-seminar-08-04-2015","status":"publish","type":"post","link":"https:\/\/psychose-seminar-elmshorn.de\/?p=742","title":{"rendered":"85. Psychose-Seminar | 08.04.2015"},"content":{"rendered":"<p><a href=\"https:\/\/psychose-seminar-elmshorn.de\/wp-content\/uploads\/2015\/03\/Einladung-85.-PSE-8.-April-2015.pdf\" target=\"_blank\"><img loading=\"lazy\" decoding=\"async\" class=\" wp-image-740 size-full aligncenter\" style=\"border: 0px;\" src=\"https:\/\/psychose-seminar-elmshorn.de\/wp-content\/uploads\/2015\/03\/Einladung-85.-PSE-8.-April-2015-Symbolbild.png\" alt=\"\" width=\"170\" height=\"240\" \/><\/a><\/p>\n<p><span style=\"text-decoration: underline; color: #000000;\"><strong>Einladung<\/strong><\/span><\/p>\n<p style=\"text-align: center;\"><span style=\"color: #0000ff;\"><strong>Mittwoch, 08.04.2015, 18.00 &#8211; 20.00 Uhr,<\/strong><\/span><br \/>\n<span style=\"color: #0000ff;\"><strong>Flora-Gesundheitszentrum, Schulstra\u00dfe 46 &#8211; 50, in Elmshorn<\/strong><\/span><\/p>\n<p><span style=\"text-decoration: underline;\"><strong>Thema<\/strong><\/span><\/p>\n<p style=\"text-align: center;\"><strong><span style=\"color: #008000;\">psychische Krisen und Verantwortung<\/span><\/strong><\/p>\n<p style=\"text-align: center;\"><span style=\"color: #008000;\">Wer ist verantwortlich? Wie viel Verantwortung kann und will man in akuten Krisen \u00fcbernehmen: \u2026 F\u00fcr sich selbst? \u2026 f\u00fcr andere? Wer \u00fcbernimmt den Rest? \u2026 und f\u00fcr wie lange? Verantwortung \u00fcbergeben, zur\u00fccknehmen, zur\u00fcckgeben: Wie geht das? Verantwortung von Betroffenen, Angeh\u00f6rigen und Profis vor, w\u00e4hrend und nach akuter Krisen &#8230;<\/span><\/p>\n<p>Das Psychose-Seminar Elmshorn findet an jedem zweiten Mittwoch im Monat im Info-Treff des Flora-Gesundheitszentrums in der Schulstra\u00dfe 46-50, Elmshorn statt (Eingang Arztpraxis, mit dem Aufzug ins Staffelgeschoss &#8222;S&#8220; fahren) statt.<\/p>\n<p><a href=\"https:\/\/psychose-seminar-elmshorn.de\/wp-content\/uploads\/2015\/03\/Einladung-85.-PSE-8.-April-2015.pdf\" target=\"_blank\">-&gt; Einladung zum Download!<\/a><\/p>\n<p>Das Psychose-Seminar Elmshorn wird unterst\u00fctzt von:<\/p>\n<p><a href=\"http:\/\/www.bruecke-sh.de\" target=\"_blank\"><img loading=\"lazy\" decoding=\"async\" class=\"alignnone size-full wp-image-464\" style=\"border: 0px;\" src=\"https:\/\/psychose-seminar-elmshorn.de\/wp-content\/uploads\/2014\/03\/Logo-der-Br\u00fccke-SH-WEB.png\" alt=\"Logo der Br\u00fccke SH\" width=\"155\" height=\"120\" \/><\/a><a href=\"http:\/\/www.brueckeelmshorn.de\" target=\"_blank\"><img loading=\"lazy\" decoding=\"async\" class=\"alignnone size-full wp-image-464\" style=\"border: 0px;\" src=\"https:\/\/psychose-seminar-elmshorn.de\/wp-content\/uploads\/2014\/03\/Logo-der-Br\u00fccke-Elmshorn-eV-WEB.png\" alt=\"Logo der Br\u00fccke Elmshorn e. V.\" width=\"179\" height=\"120\" \/><\/a><\/p>\n<p>Kooperationspartner:<\/p>\n<p><a href=\"http:\/\/www.flora-elmshorn.de\" target=\"_blank\"><img loading=\"lazy\" decoding=\"async\" class=\"alignnone size-full wp-image-464\" style=\"border: 0px;\" src=\"https:\/\/psychose-seminar-elmshorn.de\/wp-content\/uploads\/2014\/04\/Logo-des-Flora-GesundheitsZENTRUMs-WEB.png\" alt=\"Logo des Flora-Gesundheitszentrums, Elmshorn\" width=\"170\" height=\"120\" \/><\/a><\/p>\n<p style=\"padding-left: 30px;\">\n","protected":false},"excerpt":{"rendered":"<p>Einladung Mittwoch, 08.04.2015, 18.00 &#8211; 20.00 Uhr, Flora-Gesundheitszentrum, Schulstra\u00dfe 46 &#8211; 50, in Elmshorn Thema psychische Krisen und Verantwortung Wer ist verantwortlich? Wie viel Verantwortung kann und will man in akuten Krisen \u00fcbernehmen: \u2026 F\u00fcr sich selbst? \u2026 f\u00fcr andere? &hellip; <a href=\"https:\/\/psychose-seminar-elmshorn.de\/?p=742\">Weiterlesen <span class=\"meta-nav\">&rarr;<\/span><\/a><\/p>\n","protected":false},"author":1,"featured_media":0,"comment_status":"closed","ping_status":"closed","sticky":false,"template":"","format":"standard","meta":{"footnotes":""},"categories":[5,18,9],"tags":[],"class_list":["post-742","post","type-post","status-publish","format-standard","hentry","category-psychose-seminar","category-trialog","category-veranstaltungshinweis"],"_links":{"self":[{"href":"https:\/\/psychose-seminar-elmshorn.de\/index.php?rest_route=\/wp\/v2\/posts\/742","targetHints":{"allow":["GET"]}}],"collection":[{"href":"https:\/\/psychose-seminar-elmshorn.de\/index.php?rest_route=\/wp\/v2\/posts"}],"about":[{"href":"https:\/\/psychose-seminar-elmshorn.de\/index.php?rest_route=\/wp\/v2\/types\/post"}],"author":[{"embeddable":true,"href":"https:\/\/psychose-seminar-elmshorn.de\/index.php?rest_route=\/wp\/v2\/users\/1"}],"replies":[{"embeddable":true,"href":"https:\/\/psychose-seminar-elmshorn.de\/index.php?rest_route=%2Fwp%2Fv2%2Fcomments&post=742"}],"version-history":[{"count":1,"href":"https:\/\/psychose-seminar-elmshorn.de\/index.php?rest_route=\/wp\/v2\/posts\/742\/revisions"}],"predecessor-version":[{"id":743,"href":"https:\/\/psychose-seminar-elmshorn.de\/index.php?rest_route=\/wp\/v2\/posts\/742\/revisions\/743"}],"wp:attachment":[{"href":"https:\/\/psychose-seminar-elmshorn.de\/index.php?rest_route=%2Fwp%2Fv2%2Fmedia&parent=742"}],"wp:term":[{"taxonomy":"category","embeddable":true,"href":"https:\/\/psychose-seminar-elmshorn.de\/index.php?rest_route=%2Fwp%2Fv2%2Fcategories&post=742"},{"taxonomy":"post_tag","embeddable":true,"href":"https:\/\/psychose-seminar-elmshorn.de\/index.php?rest_route=%2Fwp%2Fv2%2Ftags&post=742"}],"curies":[{"name":"wp","href":"https:\/\/api.w.org\/{rel}","templated":true}]}}