{"id":734,"date":"2015-02-26T17:48:50","date_gmt":"2015-02-26T16:48:50","guid":{"rendered":"http:\/\/psychose-seminar-elmshorn.de\/?p=734"},"modified":"2015-03-31T13:23:59","modified_gmt":"2015-03-31T11:23:59","slug":"84-psychose-seminar-11-03-2015","status":"publish","type":"post","link":"https:\/\/psychose-seminar-elmshorn.de\/?p=734","title":{"rendered":"84. Psychose-Seminar | 11.03.2015"},"content":{"rendered":"<p><a href=\"https:\/\/psychose-seminar-elmshorn.de\/wp-content\/uploads\/2015\/02\/Einladung-84.-PSE-11.-M\u00e4rz-2015.pdf\" target=\"_blank\"><img loading=\"lazy\" decoding=\"async\" class=\" wp-image-736 size-full aligncenter\" style=\"border: 0px;\" src=\"https:\/\/psychose-seminar-elmshorn.de\/wp-content\/uploads\/2015\/02\/Einladung-84.-PSE-11.-M\u00e4rz-2015-Symbolbild.png\" alt=\"\" width=\"170\" height=\"240\" \/><\/a><\/p>\n<p><span style=\"text-decoration: underline; color: #000000;\"><strong>Einladung<\/strong><\/span><\/p>\n<p style=\"text-align: center;\"><span style=\"color: #0000ff;\"><strong>Mittwoch, 11.03.2015, 18.00 &#8211; 20.00 Uhr,<\/strong><\/span><br \/>\n<span style=\"color: #0000ff;\"><strong>Flora-Gesundheitszentrum, Schulstra\u00dfe 46 &#8211; 50, in Elmshorn<\/strong><\/span><\/p>\n<p><span style=\"text-decoration: underline;\"><strong>Thema<\/strong><\/span><\/p>\n<p style=\"text-align: center;\"><strong><span style=\"color: #008000;\">Beziehungsf\u00e4higkeit mit \/ ohne psychischer Erkrankung<\/span><\/strong><\/p>\n<p style=\"text-align: center;\"><span style=\"color: #008000;\">\u2026 Unsere Geschichte pr\u00e4gt uns und unsere Beziehungen. Nicht immer waren das positive Erfahrungen. Wie gestalte ich gesunde Beziehungen? Wer braucht was daf\u00fcr? Wie kann Kommunikation in der Balance zwischen N\u00e4he und Distanz aussehen? Wie begegne ich Konflikten &#8211; mit mir und dem anderen? K\u00f6nnen hier\u00a0Entwicklungsprozesse professionell bef\u00f6rdert werden?<\/span><\/p>\n<p>Das Psychose-Seminar Elmshorn findet an jedem zweiten Mittwoch im Monat im Info-Treff des Flora-Gesundheitszentrums in der Schulstra\u00dfe 46-50, Elmshorn statt (Eingang Arztpraxis, mit dem Aufzug ins Staffelgeschoss &#8222;S&#8220; fahren) statt.<\/p>\n<p><a href=\"https:\/\/psychose-seminar-elmshorn.de\/wp-content\/uploads\/2015\/02\/Einladung-84.-PSE-11.-M\u00e4rz-2015.pdf\" target=\"_blank\">-&gt; Einladung zum Download!<\/a><\/p>\n<p>Das Psychose-Seminar Elmshorn wird unterst\u00fctzt von:<\/p>\n<p><a href=\"http:\/\/www.bruecke-sh.de\" target=\"_blank\"><img loading=\"lazy\" decoding=\"async\" class=\"alignnone size-full wp-image-464\" style=\"border: 0px;\" src=\"https:\/\/psychose-seminar-elmshorn.de\/wp-content\/uploads\/2014\/03\/Logo-der-Br\u00fccke-SH-WEB.png\" alt=\"Logo der Br\u00fccke SH\" width=\"155\" height=\"120\" \/><\/a><a href=\"http:\/\/www.brueckeelmshorn.de\" target=\"_blank\"><img loading=\"lazy\" decoding=\"async\" class=\"alignnone size-full wp-image-464\" style=\"border: 0px;\" src=\"https:\/\/psychose-seminar-elmshorn.de\/wp-content\/uploads\/2014\/03\/Logo-der-Br\u00fccke-Elmshorn-eV-WEB.png\" alt=\"Logo der Br\u00fccke Elmshorn e. V.\" width=\"179\" height=\"120\" \/><\/a><\/p>\n<p>Kooperationspartner:<\/p>\n<p><a href=\"http:\/\/www.flora-elmshorn.de\" target=\"_blank\"><img loading=\"lazy\" decoding=\"async\" class=\"alignnone size-full wp-image-464\" style=\"border: 0px;\" src=\"https:\/\/psychose-seminar-elmshorn.de\/wp-content\/uploads\/2014\/04\/Logo-des-Flora-GesundheitsZENTRUMs-WEB.png\" alt=\"Logo des Flora-Gesundheitszentrums, Elmshorn\" width=\"170\" height=\"120\" \/><\/a><\/p>\n<p style=\"padding-left: 30px;\">\n","protected":false},"excerpt":{"rendered":"<p>Einladung Mittwoch, 11.03.2015, 18.00 &#8211; 20.00 Uhr, Flora-Gesundheitszentrum, Schulstra\u00dfe 46 &#8211; 50, in Elmshorn Thema Beziehungsf\u00e4higkeit mit \/ ohne psychischer Erkrankung \u2026 Unsere Geschichte pr\u00e4gt uns und unsere Beziehungen. Nicht immer waren das positive Erfahrungen. Wie gestalte ich gesunde Beziehungen? &hellip; <a href=\"https:\/\/psychose-seminar-elmshorn.de\/?p=734\">Weiterlesen <span class=\"meta-nav\">&rarr;<\/span><\/a><\/p>\n","protected":false},"author":1,"featured_media":0,"comment_status":"closed","ping_status":"closed","sticky":false,"template":"","format":"standard","meta":{"footnotes":""},"categories":[5,18,9],"tags":[],"class_list":["post-734","post","type-post","status-publish","format-standard","hentry","category-psychose-seminar","category-trialog","category-veranstaltungshinweis"],"_links":{"self":[{"href":"https:\/\/psychose-seminar-elmshorn.de\/index.php?rest_route=\/wp\/v2\/posts\/734","targetHints":{"allow":["GET"]}}],"collection":[{"href":"https:\/\/psychose-seminar-elmshorn.de\/index.php?rest_route=\/wp\/v2\/posts"}],"about":[{"href":"https:\/\/psychose-seminar-elmshorn.de\/index.php?rest_route=\/wp\/v2\/types\/post"}],"author":[{"embeddable":true,"href":"https:\/\/psychose-seminar-elmshorn.de\/index.php?rest_route=\/wp\/v2\/users\/1"}],"replies":[{"embeddable":true,"href":"https:\/\/psychose-seminar-elmshorn.de\/index.php?rest_route=%2Fwp%2Fv2%2Fcomments&post=734"}],"version-history":[{"count":2,"href":"https:\/\/psychose-seminar-elmshorn.de\/index.php?rest_route=\/wp\/v2\/posts\/734\/revisions"}],"predecessor-version":[{"id":738,"href":"https:\/\/psychose-seminar-elmshorn.de\/index.php?rest_route=\/wp\/v2\/posts\/734\/revisions\/738"}],"wp:attachment":[{"href":"https:\/\/psychose-seminar-elmshorn.de\/index.php?rest_route=%2Fwp%2Fv2%2Fmedia&parent=734"}],"wp:term":[{"taxonomy":"category","embeddable":true,"href":"https:\/\/psychose-seminar-elmshorn.de\/index.php?rest_route=%2Fwp%2Fv2%2Fcategories&post=734"},{"taxonomy":"post_tag","embeddable":true,"href":"https:\/\/psychose-seminar-elmshorn.de\/index.php?rest_route=%2Fwp%2Fv2%2Ftags&post=734"}],"curies":[{"name":"wp","href":"https:\/\/api.w.org\/{rel}","templated":true}]}}