{"id":702,"date":"2014-12-30T21:22:26","date_gmt":"2014-12-30T20:22:26","guid":{"rendered":"http:\/\/psychose-seminar-elmshorn.de\/?p=702"},"modified":"2015-01-07T19:38:07","modified_gmt":"2015-01-07T18:38:07","slug":"gesundheitsmontag-wer-entscheidet-fuer-mich-wenn-ich-es-nicht-mehr-kann-19-01-2015","status":"publish","type":"post","link":"https:\/\/psychose-seminar-elmshorn.de\/?p=702","title":{"rendered":"Gesundheitsmontag \u201eWer entscheidet f\u00fcr mich, wenn ich es nicht mehr kann?\u201c | 19.01.2015"},"content":{"rendered":"<p><a href=\"https:\/\/psychose-seminar-elmshorn.de\/wp-content\/uploads\/2014\/12\/Gesundheitsmontag-19.01.15-Alles-geregelt-mit-der-Vorsorgevollmacht-Plakat.pdf\" target=\"_blank\"><img loading=\"lazy\" decoding=\"async\" class=\" size-full wp-image-705 aligncenter\" src=\"https:\/\/psychose-seminar-elmshorn.de\/wp-content\/uploads\/2014\/12\/Gesundheitsmontag-19.01.15-Alles-geregelt-mit-der-Vorsorgevollmacht-Plakat-Symbolbild.png\" alt=\"Gesundheitsmontag 19.01.15 - Alles geregelt mit der Vorsorgevollmacht - Plakat (Symbolbild)\" width=\"170\" height=\"240\" \/><\/a><\/p>\n<p>&nbsp;<\/p>\n<p>Im Rahmen der Veranstaltungsreihe \u201eGesundheitsmontag\u201c, die das Flora-Gesundheits-Zentrum regelm\u00e4\u00dfig f\u00fcr interessierte B\u00fcrgerinnen und B\u00fcrger\u00a0organisiert, findet<\/p>\n<p style=\"padding-left: 30px;\"><span style=\"color: #0000ff;\"><strong>am Montag, 19.01.15,<\/strong><\/span><br \/>\n<span style=\"color: #0000ff;\"><strong>um 18.30 Uhr<\/strong><\/span><br \/>\n<span style=\"color: #0000ff;\"><strong>im Info-Treff, des Flora-Gesundheitszentrums\u00a0<\/strong>(Schulstra\u00dfe 46-50, Elmshorn; genau dort, wo auch das Psychose-Seminar Elmshorn regelm\u00e4\u00dfig stattfindet)<\/span><\/p>\n<p>ein Seminar zum Thema \u201eVorsorgevollmacht\u201c statt.<\/p>\n<p style=\"text-align: left;\">Unter dem Titel<\/p>\n<p style=\"text-align: center;\"><span style=\"color: #008000;\"><strong>Wer entscheidet f\u00fcr mich, wenn ich es nicht mehr kann?<br \/>\n<\/strong>Alles geregelt mit der Vorsorgevollmacht.<br \/>\n<\/span><\/p>\n<p><span style=\"color: #008000;\">will sich der Referent, Herr Klaus Zinger (Rechtsanwalt und Notar), mit der Frage auseinandersetzen, wie man Vorsorge treffen kann f\u00fcr den Fall, dass man aus Alters- oder Krankheitsgr\u00fcnden selbst keine Entscheidungen mehr treffen kann. Welche M\u00f6glichkeiten gibt es?\u00a0Wie stellt man sicher, dass alles im eignen Sinne geregelt wird? Sind automatisch die Familienangeh\u00f6rigen entscheidungsberechtigt oder sollte man einer Person des Vertrauens eine Vorsorgevollmacht ausstellten? Und welche rechtlichen Aspekte sind dabei dringend zu beachten?<\/span><\/p>\n<p>Interesse? Dann melden Sie sich <strong>unbedingt<\/strong> telefonisch unter 04121-4262-0 (oder direkt bei Frau Kr\u00f6ning unter 04121-4262-19) an. Die Teilnahme ist kostenlos!<\/p>\n<p>Einen Infoflyer gibt es\u00a0<a href=\"https:\/\/psychose-seminar-elmshorn.de\/wp-content\/uploads\/2014\/12\/Infoflyer-Flora-Elmshorn-Gesundheitsmontage-2015-01.pdf\" target=\"_blank\">-&gt; hier<\/a>. F\u00fcr einen Aushang eignet sich das <a href=\"https:\/\/psychose-seminar-elmshorn.de\/wp-content\/uploads\/2014\/12\/Gesundheitsmontag-19.01.15-Alles-geregelt-mit-der-Vorsorgevollmacht-Plakat.pdf\" target=\"_blank\">-&gt; Plakat<\/a> besser. Noch mehr Infos finden Sie auf der Webseite\u00a0<a href=\"http:\/\/www.flora-elmshorn.de\" target=\"_blank\">\u2013&gt; www.flora-elmshorn.de<\/a>.<\/p>\n<p><a href=\"https:\/\/psychose-seminar-elmshorn.de\/wp-content\/uploads\/2014\/12\/Infoflyer-Flora-Elmshorn-Gesundheitsmontage-2015-01.pdf\" target=\"_blank\"><img loading=\"lazy\" decoding=\"async\" class=\" wp-image-707 size-full aligncenter\" src=\"https:\/\/psychose-seminar-elmshorn.de\/wp-content\/uploads\/2014\/12\/Infoflyer-Flora-Elmshorn-Gesundheitsmontage-2015-01-Symbolbild.png\" alt=\"\" width=\"113\" height=\"240\" \/><\/a><\/p>\n","protected":false},"excerpt":{"rendered":"<p>&nbsp; Im Rahmen der Veranstaltungsreihe \u201eGesundheitsmontag\u201c, die das Flora-Gesundheits-Zentrum regelm\u00e4\u00dfig f\u00fcr interessierte B\u00fcrgerinnen und B\u00fcrger\u00a0organisiert, findet am Montag, 19.01.15, um 18.30 Uhr im Info-Treff, des Flora-Gesundheitszentrums\u00a0(Schulstra\u00dfe 46-50, Elmshorn; genau dort, wo auch das Psychose-Seminar Elmshorn regelm\u00e4\u00dfig stattfindet) ein Seminar zum &hellip; <a href=\"https:\/\/psychose-seminar-elmshorn.de\/?p=702\">Weiterlesen <span class=\"meta-nav\">&rarr;<\/span><\/a><\/p>\n","protected":false},"author":1,"featured_media":0,"comment_status":"closed","ping_status":"closed","sticky":false,"template":"","format":"standard","meta":{"footnotes":""},"categories":[10,16,13,9],"tags":[],"class_list":["post-702","post","type-post","status-publish","format-standard","hentry","category-extern","category-fachveranstaltung","category-information","category-veranstaltungshinweis"],"_links":{"self":[{"href":"https:\/\/psychose-seminar-elmshorn.de\/index.php?rest_route=\/wp\/v2\/posts\/702","targetHints":{"allow":["GET"]}}],"collection":[{"href":"https:\/\/psychose-seminar-elmshorn.de\/index.php?rest_route=\/wp\/v2\/posts"}],"about":[{"href":"https:\/\/psychose-seminar-elmshorn.de\/index.php?rest_route=\/wp\/v2\/types\/post"}],"author":[{"embeddable":true,"href":"https:\/\/psychose-seminar-elmshorn.de\/index.php?rest_route=\/wp\/v2\/users\/1"}],"replies":[{"embeddable":true,"href":"https:\/\/psychose-seminar-elmshorn.de\/index.php?rest_route=%2Fwp%2Fv2%2Fcomments&post=702"}],"version-history":[{"count":5,"href":"https:\/\/psychose-seminar-elmshorn.de\/index.php?rest_route=\/wp\/v2\/posts\/702\/revisions"}],"predecessor-version":[{"id":722,"href":"https:\/\/psychose-seminar-elmshorn.de\/index.php?rest_route=\/wp\/v2\/posts\/702\/revisions\/722"}],"wp:attachment":[{"href":"https:\/\/psychose-seminar-elmshorn.de\/index.php?rest_route=%2Fwp%2Fv2%2Fmedia&parent=702"}],"wp:term":[{"taxonomy":"category","embeddable":true,"href":"https:\/\/psychose-seminar-elmshorn.de\/index.php?rest_route=%2Fwp%2Fv2%2Fcategories&post=702"},{"taxonomy":"post_tag","embeddable":true,"href":"https:\/\/psychose-seminar-elmshorn.de\/index.php?rest_route=%2Fwp%2Fv2%2Ftags&post=702"}],"curies":[{"name":"wp","href":"https:\/\/api.w.org\/{rel}","templated":true}]}}