{"id":620,"date":"2014-10-24T04:24:22","date_gmt":"2014-10-24T02:24:22","guid":{"rendered":"http:\/\/psychose-seminar-elmshorn.de\/?p=620"},"modified":"2014-12-30T21:23:22","modified_gmt":"2014-12-30T20:23:22","slug":"gesundheitsmontag-wege-aus-der-depression-01-12-2014","status":"publish","type":"post","link":"https:\/\/psychose-seminar-elmshorn.de\/?p=620","title":{"rendered":"Gesundheitsmontag \u201eWege aus der Depression\u201c | 01.12.2014"},"content":{"rendered":"<p><img loading=\"lazy\" decoding=\"async\" class=\"size-full wp-image-631 aligncenter\" style=\"border: 0px;\" src=\"https:\/\/psychose-seminar-elmshorn.de\/wp-content\/uploads\/2014\/10\/Infoflyer-Flora-Elmshorn-Gesundheitsmontage-2014-2-Symbolbild.png\" alt=\"Infoflyer Flora Elmshorn Gesundheitsmontage 2014-2 (Symbolbild)\" width=\"113\" height=\"240\" \/><\/p>\n<p>Im Rahmen der Veranstaltungsreihe \u201eGesundheitsmontag\u201c, die das Flora-Gesundheits-Zentrum regelm\u00e4\u00dfig f\u00fcr Patienten organisiert, findet<\/p>\n<p style=\"padding-left: 30px;\"><span style=\"color: #0000ff;\"><strong>am Montag, 01.12.14,<\/strong><\/span><br \/>\n<span style=\"color: #0000ff;\"> <strong>um 18.00 Uhr<\/strong><\/span><br \/>\n<span style=\"color: #0000ff;\"> <strong>im Info-Treff, des Flora-Gesundheitszentrums <\/strong>(Schulstra\u00dfe 46-50, Elmshorn; genau dort, wo auch das Psychose-Seminar Elmshorn regelm\u00e4\u00dfig stattfindet)<\/span><\/p>\n<p>ein Seminar zum Thema \u201eDepression\u201c statt.<\/p>\n<p style=\"padding-left: 30px;\"><em>\u201eDepressionen geh\u00f6ren zu den h\u00e4ufigsten und hinsichtlich ihrer Schwere am meisten untersch\u00e4tzten Erkrankungen. Jeder f\u00fcnfte Bundesb\u00fcrger erkrankt ein Mal im Leben an einer Depression. Insgesamt leiden in Deutschland derzeit ca. 4 Millionen Menschen an einer behandlungsbed\u00fcrftigen Depression. <strong>Depression kann jeden treffen.<\/strong>\u201c<\/em><\/p>\n<p style=\"text-align: right;\"><em>(Quelle <a href=\"www.deutsche-depressionshilfe.de\/stiftung\/wissen.php\" target=\"_blank\">-&gt; www.deutsche-depressionshilfe.de\/stiftung\/wissen.php<\/a>)<\/em><em>\u00a0<\/em><\/p>\n<p>Unter dem Titel<\/p>\n<p style=\"text-align: center;\"><span style=\"color: #008000;\"><strong>Wege aus der Depression<br \/>\n<\/strong>Selbsthilfe oder Psychotherapie, was hilft?<\/span><\/p>\n<p><span style=\"color: #008000;\">will die Referentin, Frau Dr. med Nicole Thielemeyer (aus Elmshorn) Antworten geben auf Fragen wie \u201eKann ich mir selbst helfen oder sollte ich mich behandeln lassen?\u201c oder \u201eWelche Behandlungsm\u00f6glichkeiten gibt es? Helfen Medikamente oder eine Psychotherapie?<\/span><\/p>\n<p>Interesse? Dann melden Sie sich telefonisch unter 04121-4262-0 an. Die Teilnahme ist kostenlos!<\/p>\n<p>Einen Infoflyer gibt es <a href=\"https:\/\/psychose-seminar-elmshorn.de\/wp-content\/uploads\/2014\/10\/Infoflyer-Flora-Elmshorn-Gesundheitsmontage-2014-2.pdf\" target=\"_blank\">-&gt; hier<\/a>. Noch mehr Infos finden Sie auf der Webseite <a href=\"http:\/\/www.flora-elmshorn.de\" target=\"_blank\">\u2013&gt; www.flora-elmshorn.de<\/a>.<\/p>\n<p>Weiterf\u00fchrende Informationen zum Thema \u201eDepression\u201c finden Sie im Netz auf den Seiten der <a href=\"http:\/\/www.deutsche-depressionshilfe.de\" target=\"_blank\">-&gt; Stiftung Deutsche Depressionshilfe<\/a> und beim <a href=\"http:\/\/www.buendnis-depression.de\/index.php\" target=\"_blank\">-&gt; deutschen B\u00fcndnis gegen Depression e. V.<\/a><\/p>\n","protected":false},"excerpt":{"rendered":"<p>Im Rahmen der Veranstaltungsreihe \u201eGesundheitsmontag\u201c, die das Flora-Gesundheits-Zentrum regelm\u00e4\u00dfig f\u00fcr Patienten organisiert, findet am Montag, 01.12.14, um 18.00 Uhr im Info-Treff, des Flora-Gesundheitszentrums (Schulstra\u00dfe 46-50, Elmshorn; genau dort, wo auch das Psychose-Seminar Elmshorn regelm\u00e4\u00dfig stattfindet) ein Seminar zum Thema \u201eDepression\u201c &hellip; <a href=\"https:\/\/psychose-seminar-elmshorn.de\/?p=620\">Weiterlesen <span class=\"meta-nav\">&rarr;<\/span><\/a><\/p>\n","protected":false},"author":1,"featured_media":0,"comment_status":"closed","ping_status":"closed","sticky":false,"template":"","format":"standard","meta":{"footnotes":""},"categories":[10,16,13,9],"tags":[],"class_list":["post-620","post","type-post","status-publish","format-standard","hentry","category-extern","category-fachveranstaltung","category-information","category-veranstaltungshinweis"],"_links":{"self":[{"href":"https:\/\/psychose-seminar-elmshorn.de\/index.php?rest_route=\/wp\/v2\/posts\/620","targetHints":{"allow":["GET"]}}],"collection":[{"href":"https:\/\/psychose-seminar-elmshorn.de\/index.php?rest_route=\/wp\/v2\/posts"}],"about":[{"href":"https:\/\/psychose-seminar-elmshorn.de\/index.php?rest_route=\/wp\/v2\/types\/post"}],"author":[{"embeddable":true,"href":"https:\/\/psychose-seminar-elmshorn.de\/index.php?rest_route=\/wp\/v2\/users\/1"}],"replies":[{"embeddable":true,"href":"https:\/\/psychose-seminar-elmshorn.de\/index.php?rest_route=%2Fwp%2Fv2%2Fcomments&post=620"}],"version-history":[{"count":5,"href":"https:\/\/psychose-seminar-elmshorn.de\/index.php?rest_route=\/wp\/v2\/posts\/620\/revisions"}],"predecessor-version":[{"id":658,"href":"https:\/\/psychose-seminar-elmshorn.de\/index.php?rest_route=\/wp\/v2\/posts\/620\/revisions\/658"}],"wp:attachment":[{"href":"https:\/\/psychose-seminar-elmshorn.de\/index.php?rest_route=%2Fwp%2Fv2%2Fmedia&parent=620"}],"wp:term":[{"taxonomy":"category","embeddable":true,"href":"https:\/\/psychose-seminar-elmshorn.de\/index.php?rest_route=%2Fwp%2Fv2%2Fcategories&post=620"},{"taxonomy":"post_tag","embeddable":true,"href":"https:\/\/psychose-seminar-elmshorn.de\/index.php?rest_route=%2Fwp%2Fv2%2Ftags&post=620"}],"curies":[{"name":"wp","href":"https:\/\/api.w.org\/{rel}","templated":true}]}}