{"id":615,"date":"2014-10-24T04:24:33","date_gmt":"2014-10-24T02:24:33","guid":{"rendered":"http:\/\/psychose-seminar-elmshorn.de\/?p=615"},"modified":"2014-11-05T21:40:46","modified_gmt":"2014-11-05T20:40:46","slug":"taw-2014-fachveranstaltung-autismus-und-arbeit-06-11-2014","status":"publish","type":"post","link":"https:\/\/psychose-seminar-elmshorn.de\/?p=615","title":{"rendered":"TAW 2014 \u2013 Fachveranstaltung \u201eAutismus und Arbeit\u201c | 06.11.2014"},"content":{"rendered":"<p><a href=\"https:\/\/psychose-seminar-elmshorn.de\/wp-content\/uploads\/2014\/10\/Infoflyer-Fachveranstaltung-Autismus-und-Arbeit-06.11.14.pdf\" target=\"_blank\"><img loading=\"lazy\" decoding=\"async\" class=\"aligncenter wp-image-630 size-full\" style=\"border: 0px;\" src=\"https:\/\/psychose-seminar-elmshorn.de\/wp-content\/uploads\/2014\/10\/Infoflyer-Fachveranstaltung-Autismus-und-Arbeit-06.11.14-Symbolbild.png\" alt=\"Infoflyer Fachveranstaltung Autismus und Arbeit (06.11.14) (Symbolbild)\" width=\"170\" height=\"240\" \/><\/a><\/p>\n<p>Arbeit ist ein wichtiger Bestandteil eines erf\u00fcllenden und zufriedenen Lebens. Menschen mit Behinderungen sind davon oftmals ausgeschlossen oder m\u00fcssen gro\u00dfe H\u00fcrden auf dem Weg zur Teilhabe am Arbeitsleben meistern. Menschen mit Autismus sind diesbez\u00fcglich keine Ausnahme \u2013 auch wenn in den Medien in der letzten Zeit immer mal wieder \u00fcber Arbeitgeber berichtet wird, die gezielt nach Menschen mit Autismus(spektrumst\u00f6rung) suchen.<\/p>\n<p>Die ReferentInnen vom <a href=\"https:\/\/www.bruecke-sh.de\/index.php?idm=132.205\" target=\"_blank\">-&gt; Integrationsfachdienst Elmshorn<\/a> der <a href=\"http:\/\/www.bruecke-sh.de\" target=\"_blank\">-&gt; Br\u00fccke SH<\/a> und von der <a href=\"http:\/\/www.elmar.sh\" target=\"_blank\">-&gt; Elmshorner Arbeitsassistenz<\/a> (ELMAR) <a href=\"http:\/\/www.glueckstaedter-werkstaetten.de\/de\/startseite\/\" target=\"_blank\">-&gt; der Gl\u00fcckst\u00e4dter Werkst\u00e4tten<\/a> zeigen die besonderen Anforderungen auf, die Menschen mit Autismus bzgl. ihrer Teilhabe am Arbeitsleben stellen. Aus der pers\u00f6nlichen Erfahrung berichten Arbeitgeber und Arbeitnehmer mit Autismus. Gemeinsam entwickeln sie individuelle Wege zum Nutzen aller Beteiligten.<\/p>\n<p style=\"padding-left: 30px;\"><span style=\"color: #0000ff;\"><em><span style=\"text-decoration: underline;\">Termin:<\/span>\u00a0\u00a0<strong>Donnerstag, 06.11., 16.00-17.30 Uhr<\/strong><br \/>\n<\/em><em><span style=\"text-decoration: underline;\">Ort:<\/span>\u00a0\u00a0<strong>Aula der Br\u00fccke Elmshorn e. V.<\/strong>, Eingang Neue Strasse (gegen\u00fcber Zugang Br\u00fcckenhof), 25335 Elmshorn<br \/>\n<\/em><em><span style=\"text-decoration: underline;\">Ansprechpartner:<\/span>\u00a0\u00a0<strong>Ingo Ulzhoefer<\/strong><br \/>\n<\/em><em><span style=\"text-decoration: underline;\">Info-Kontakt:<\/span>\u00a0Tel. <strong>0162-4901566<\/strong><br \/>\n<\/em><em><span style=\"text-decoration: underline;\">Voranmeldung:<\/span>\u00a0<strong>nein<\/strong><\/em><em><br \/>\n<\/em><em><span style=\"text-decoration: underline;\">Kosten:<\/span>\u00a0<strong>keine<\/strong><\/em><\/span><\/p>\n<p>Hier gibt\u2019s noch einen <a href=\"https:\/\/psychose-seminar-elmshorn.de\/wp-content\/uploads\/2014\/10\/Infoflyer-Fachveranstaltung-Autismus-und-Arbeit-06.11.14.pdf\" target=\"_blank\">-&gt; Infoflyer<\/a>.<\/p>\n<p>Alle Veranstaltungen der Reihe &#8222;Trialogische Aktionswochen 2014: Autismus&#8220; werden mit Mitteln der <a href=\"https:\/\/www.aktion-mensch.de\" target=\"_blank\">-&gt; Aktion Mensch e. V.<\/a> gef\u00f6rdert.<\/p>\n<p style=\"padding-left: 30px;\"><a href=\"https:\/\/www.aktion-mensch.de\" target=\"_blank\"><img loading=\"lazy\" decoding=\"async\" class=\"alignnone wp-image-649 size-full\" style=\"border: 0px;\" src=\"https:\/\/psychose-seminar-elmshorn.de\/wp-content\/uploads\/2014\/10\/Logo-der-Aktion-Mensch-RGB-WEB.png\" alt=\"Logo der Aktion Mensch (RGB, WEB)\" width=\"210\" height=\"57\" \/><\/a><\/p>\n","protected":false},"excerpt":{"rendered":"<p>Arbeit ist ein wichtiger Bestandteil eines erf\u00fcllenden und zufriedenen Lebens. Menschen mit Behinderungen sind davon oftmals ausgeschlossen oder m\u00fcssen gro\u00dfe H\u00fcrden auf dem Weg zur Teilhabe am Arbeitsleben meistern. Menschen mit Autismus sind diesbez\u00fcglich keine Ausnahme \u2013 auch wenn in &hellip; <a href=\"https:\/\/psychose-seminar-elmshorn.de\/?p=615\">Weiterlesen <span class=\"meta-nav\">&rarr;<\/span><\/a><\/p>\n","protected":false},"author":1,"featured_media":0,"comment_status":"closed","ping_status":"closed","sticky":false,"template":"","format":"standard","meta":{"footnotes":""},"categories":[16,15,9],"tags":[],"class_list":["post-615","post","type-post","status-publish","format-standard","hentry","category-fachveranstaltung","category-trialogische-aktionswochen","category-veranstaltungshinweis"],"_links":{"self":[{"href":"https:\/\/psychose-seminar-elmshorn.de\/index.php?rest_route=\/wp\/v2\/posts\/615","targetHints":{"allow":["GET"]}}],"collection":[{"href":"https:\/\/psychose-seminar-elmshorn.de\/index.php?rest_route=\/wp\/v2\/posts"}],"about":[{"href":"https:\/\/psychose-seminar-elmshorn.de\/index.php?rest_route=\/wp\/v2\/types\/post"}],"author":[{"embeddable":true,"href":"https:\/\/psychose-seminar-elmshorn.de\/index.php?rest_route=\/wp\/v2\/users\/1"}],"replies":[{"embeddable":true,"href":"https:\/\/psychose-seminar-elmshorn.de\/index.php?rest_route=%2Fwp%2Fv2%2Fcomments&post=615"}],"version-history":[{"count":8,"href":"https:\/\/psychose-seminar-elmshorn.de\/index.php?rest_route=\/wp\/v2\/posts\/615\/revisions"}],"predecessor-version":[{"id":662,"href":"https:\/\/psychose-seminar-elmshorn.de\/index.php?rest_route=\/wp\/v2\/posts\/615\/revisions\/662"}],"wp:attachment":[{"href":"https:\/\/psychose-seminar-elmshorn.de\/index.php?rest_route=%2Fwp%2Fv2%2Fmedia&parent=615"}],"wp:term":[{"taxonomy":"category","embeddable":true,"href":"https:\/\/psychose-seminar-elmshorn.de\/index.php?rest_route=%2Fwp%2Fv2%2Fcategories&post=615"},{"taxonomy":"post_tag","embeddable":true,"href":"https:\/\/psychose-seminar-elmshorn.de\/index.php?rest_route=%2Fwp%2Fv2%2Ftags&post=615"}],"curies":[{"name":"wp","href":"https:\/\/api.w.org\/{rel}","templated":true}]}}