{"id":1209,"date":"2017-11-25T14:54:10","date_gmt":"2017-11-25T13:54:10","guid":{"rendered":"http:\/\/psychose-seminar-elmshorn.de\/?p=1209"},"modified":"2017-11-25T14:54:10","modified_gmt":"2017-11-25T13:54:10","slug":"113-psychose-seminar-13-12-2017","status":"publish","type":"post","link":"https:\/\/psychose-seminar-elmshorn.de\/?p=1209","title":{"rendered":"113. Psychose-Seminar | 13.12.2017"},"content":{"rendered":"<p><a href=\"https:\/\/psychose-seminar-elmshorn.de\/wp-content\/uploads\/2017\/11\/Einladung-113.-PSE-13.-Dezember-2017.pdf\" target=\"_blank\" rel=\"noopener\"><img loading=\"lazy\" decoding=\"async\" class=\"size-full wp-image-1214 aligncenter\" src=\"https:\/\/psychose-seminar-elmshorn.de\/wp-content\/uploads\/2017\/11\/Einladung-113.-PSE-13.-Dezember-2017-Symbolbild.png\" alt=\"\" width=\"170\" height=\"240\" \/><\/a><\/p>\n<p>Sehr geehrte Damen und Herren,<\/p>\n<p>wir laden Sie herzlich ein zum n\u00e4chsten Psychose-Seminar im Kreis Pinneberg am<\/p>\n<p style=\"text-align: center;\"><strong><span style=\"color: #0000ff;\">13. Dezember 2017 von 18:00 bis 20:00 Uhr<\/span><\/strong><br \/>\n<strong><span style=\"color: #0000ff;\">im Flora-Gesundheitszentrum in Elmshorn,<\/span><\/strong><br \/>\n<span style=\"color: #0000ff;\"><strong>Schulstr. 46 &#8211; 50<\/strong> (einfach den Hinweisschildern folgen).<\/span><\/p>\n<p><span style=\"color: #ff0000;\"><strong>Die Veranstaltung am 13.12. wird das vorerst letzte Psychose-Seminar in Elmshorn sein. Danach macht das Psychose-Seminar Elmshorn auf unbestimmte Zeit Pause. Nach knapp 10 Jahren und dann 113 Seminaren brauchen wir krankheitsbedingt einfach eine Zeit der Erholung.<\/strong><\/span><\/p>\n<p>Gemeinsam mit Ihnen wollen wir die Gelegenheit nutzen f\u00fcr eine gemeinsame<\/p>\n<p style=\"text-align: center;\"><strong><span style=\"color: #008000;\">R\u00fcckschau auf 10 Jahre Psychose-Seminar Elmshorn<\/span><\/strong><br \/>\n<span style=\"color: #008000;\">\u00a0<\/span><br \/>\n<span style=\"color: #008000;\">\u2026 Erinnerungen aus 113 Seminar-Veranstaltungen \u2026 wof\u00fcr es gut war \u2026 was wir gemeinsam miteinander und voneinander gelernt haben &#8230;<\/span><\/p>\n<p><strong>An dieser Stelle bedanken wir uns herzlich bei allen Unterst\u00fctzerInnen des Psychose-Seminars Elmshorn:<\/strong><\/p>\n<ul>\n<li>der Br\u00fccke Schleswig-Holstein gGmbH f\u00fcr die \u00dcbernahme aller Kosten in Verbindung mit dem Psychose-Seminar,<\/li>\n<li>dem Flora-Gesundheitszentrum \/ -Infotreff f\u00fcr die kontinuierliche Bereitstellung gro\u00dfartiger R\u00e4umlichkeiten,<\/li>\n<li>den Elmshorner Nachrichten f\u00fcr die absolut zuverl\u00e4ssig erscheinenden kleinen Artikel, die immer wieder auf die Seminar-Veranstaltung hingewiesen haben,<\/li>\n<li>all denjenigen, die f\u00fcr uns Werbung gemacht oder uns in struktureller Form unterst\u00fctzt haben,<\/li>\n<li>allen TeilnehmerInnen, die dem Psychose-Seminar (und uns) jahrelang die Treue gehalten haben und die die vielen Gespr\u00e4chsrunden mit ihrem Dabeisein und ihren Beitr\u00e4gen nicht nur sehr bereichert, sondern auf diese Weise den Trialog \u00fcberhaupt erst m\u00f6glich gemacht haben,<\/li>\n<li>sowie allen Freunden und Begleitern der letzten Jahre, die uns individuell und ganz pers\u00f6nlich unterst\u00fctzt haben.<\/li>\n<\/ul>\n<p><strong>Ihnen allen vielen herzlichen Dank!<\/strong><\/p>\n<p>F\u00fcr die Zukunft m\u00f6chten wir Sie noch auf \u201etrialogische\u201c Alternativen in der n\u00e4heren Umgebung hinweisen:<\/p>\n<ul>\n<li>Das Psychose-Seminar in Hamburg: In Anlehnung an den universit\u00e4ren Rhythmus findet es Semesterweise statt. Die aktuellen Termine und Themen finden Sie hier:\u00a0<a href=\"http:\/\/www.irremenschlich.de\/termine\/category\/2-psychose-seminar\" target=\"_blank\" rel=\"noopener\">http:\/\/www.irremenschlich.de\/termine\/category\/2-psychose-seminar<\/a><\/li>\n<li>In Itzehoe findet regelm\u00e4\u00dfig einmal im Monat ein Trialog statt. Schreiben Sie einfach eine kurze eMail an Frau Gruitrooy (<a href=\"mailto:e.gruitrooy@bruecke-sh.de\">mailto:e.gruitrooy@bruecke-sh.de<\/a>) mit der Bitte um Aufnahme in den Einladungsverteiler, dann erhalten Sie zuk\u00fcnftig Einladungen zu den Terminen des Trialogs Itzehoe.<\/li>\n<li>In unregelm\u00e4\u00dfigen Abst\u00e4nden gibt es au\u00dferdem trialogische Gespr\u00e4chskreise in der AWO-Begegnungsst\u00e4tte \u201eDas Schiff\u201c in Pinneberg (<a href=\"https:\/\/www.awo-sh.de\/de\/betreuung-und-beratung\/begegnungsstaetten\/item\/3639-begegnungsstaette.html\" target=\"_blank\" rel=\"noopener\">https:\/\/www.awo-sh.de\/de\/betreuung-und-beratung\/begegnungsstaetten\/item\/3639-begegnungsstaette.html<\/a>) einfach bei Frau Kast (mailto:begegnungsstaette@awo-sh.de) nach dem n\u00e4chsten Termin fragen.<\/li>\n<li>Ansonsten lohnt vielleicht auch ein Blick auf die Seite <a href=\"http:\/\/www.trialog-psychoseseminar.de\/de\/43\/Schleswig-Holstein.html?stateID=15&amp;action=showCities\" target=\"_blank\" rel=\"noopener\">http:\/\/www.trialog-psychoseseminar.de\/de\/43\/Schleswig-Holstein.html?stateID=15&amp;action=showCities<\/a>. Dort finden sich weitere Psychose-\/ Trialog-Seminar in Schleswig-Holstein und bundesweit.<\/li>\n<\/ul>\n<p>Die Webseite des Psychose-Seminars Elmshorn (<a href=\"https:\/\/psychose-seminar-elmshorn.de\">https:\/\/psychose-seminar-elmshorn.de<\/a>) bleibt weiterhin online. \u00dcber die unter <a href=\"https:\/\/psychose-seminar-elmshorn.de\/?page_id=14\">-&gt;Kontakt<\/a>\u00a0beschriebenen Wege sind wir f\u00fcr Sie erreichbar. Wir freuen uns \u00fcber Anfragen, z. B. bzgl. einzelner Projekte, Fortbildungen, oder \u00c4hnlichem.<\/p>\n<p><a href=\"https:\/\/psychose-seminar-elmshorn.de\/wp-content\/uploads\/2017\/11\/Einladung-113.-PSE-13.-Dezember-2017.pdf\" target=\"_blank\" rel=\"noopener noreferrer\">-&gt; Einladung zum Download!<\/a><\/p>\n<p><em>Das Psychose-Seminar Elmshorn wird\u00a0unterst\u00fctzt\u00a0von<\/em><\/p>\n<p><a href=\"http:\/\/www.bruecke-sh.de\" target=\"_blank\" rel=\"noopener noreferrer\"><img loading=\"lazy\" decoding=\"async\" class=\"alignnone size-full wp-image-464\" style=\"border: 0px;\" src=\"https:\/\/psychose-seminar-elmshorn.de\/wp-content\/uploads\/2014\/03\/Logo-der-Br\u00fccke-SH-WEB.png\" alt=\"Logo der Br\u00fccke SH\" width=\"155\" height=\"120\" \/><\/a><\/p>\n<p><em>Kooperationspartner\u00a0ist das<\/em><\/p>\n<p><a href=\"http:\/\/www.flora-elmshorn.de\" target=\"_blank\" rel=\"noopener noreferrer\"><img loading=\"lazy\" decoding=\"async\" class=\"alignnone size-full wp-image-464\" style=\"border: 0px;\" src=\"https:\/\/psychose-seminar-elmshorn.de\/wp-content\/uploads\/2014\/04\/Logo-des-Flora-GesundheitsZENTRUMs-WEB.png\" alt=\"Logo des Flora-Gesundheitszentrums, Elmshorn\" width=\"170\" height=\"120\" \/><\/a><\/p>\n","protected":false},"excerpt":{"rendered":"<p>Sehr geehrte Damen und Herren, wir laden Sie herzlich ein zum n\u00e4chsten Psychose-Seminar im Kreis Pinneberg am 13. Dezember 2017 von 18:00 bis 20:00 Uhr im Flora-Gesundheitszentrum in Elmshorn, Schulstr. 46 &#8211; 50 (einfach den Hinweisschildern folgen). Die Veranstaltung am &hellip; <a href=\"https:\/\/psychose-seminar-elmshorn.de\/?p=1209\">Weiterlesen <span class=\"meta-nav\">&rarr;<\/span><\/a><\/p>\n","protected":false},"author":1,"featured_media":0,"comment_status":"closed","ping_status":"closed","sticky":true,"template":"","format":"standard","meta":{"footnotes":""},"categories":[5,18,9],"tags":[],"class_list":["post-1209","post","type-post","status-publish","format-standard","hentry","category-psychose-seminar","category-trialog","category-veranstaltungshinweis"],"_links":{"self":[{"href":"https:\/\/psychose-seminar-elmshorn.de\/index.php?rest_route=\/wp\/v2\/posts\/1209","targetHints":{"allow":["GET"]}}],"collection":[{"href":"https:\/\/psychose-seminar-elmshorn.de\/index.php?rest_route=\/wp\/v2\/posts"}],"about":[{"href":"https:\/\/psychose-seminar-elmshorn.de\/index.php?rest_route=\/wp\/v2\/types\/post"}],"author":[{"embeddable":true,"href":"https:\/\/psychose-seminar-elmshorn.de\/index.php?rest_route=\/wp\/v2\/users\/1"}],"replies":[{"embeddable":true,"href":"https:\/\/psychose-seminar-elmshorn.de\/index.php?rest_route=%2Fwp%2Fv2%2Fcomments&post=1209"}],"version-history":[{"count":4,"href":"https:\/\/psychose-seminar-elmshorn.de\/index.php?rest_route=\/wp\/v2\/posts\/1209\/revisions"}],"predecessor-version":[{"id":1215,"href":"https:\/\/psychose-seminar-elmshorn.de\/index.php?rest_route=\/wp\/v2\/posts\/1209\/revisions\/1215"}],"wp:attachment":[{"href":"https:\/\/psychose-seminar-elmshorn.de\/index.php?rest_route=%2Fwp%2Fv2%2Fmedia&parent=1209"}],"wp:term":[{"taxonomy":"category","embeddable":true,"href":"https:\/\/psychose-seminar-elmshorn.de\/index.php?rest_route=%2Fwp%2Fv2%2Fcategories&post=1209"},{"taxonomy":"post_tag","embeddable":true,"href":"https:\/\/psychose-seminar-elmshorn.de\/index.php?rest_route=%2Fwp%2Fv2%2Ftags&post=1209"}],"curies":[{"name":"wp","href":"https:\/\/api.w.org\/{rel}","templated":true}]}}